{"id":3425,"date":"2023-07-24T18:12:51","date_gmt":"2023-07-24T18:12:51","guid":{"rendered":"http:\/\/www.santaana.gob.ar\/home\/?p=3425"},"modified":"2023-07-24T18:12:51","modified_gmt":"2023-07-24T18:12:51","slug":"santa-ana-celebra-su-dia","status":"publish","type":"post","link":"https:\/\/www.santaana.gob.ar\/home\/2023\/07\/24\/santa-ana-celebra-su-dia\/","title":{"rendered":"\u00a1SANTA ANA CELEBRA SU D\u00cdA!"},"content":{"rendered":"<p>Este mi\u00e9rcoles 26 de julio conmemoramos el d\u00eda de nuestra patrona y el 39\u00b0 aniversario de la creaci\u00f3n de nuestro Municipio, motivo por el cual ser\u00e1 feriado en toda la jurisdicci\u00f3n de Santa Ana.<br \/>\n\u25aa El mismo fue declarado por el Intendente Rogelio Zanandrea mediante Decreto N\u00b092\/2023.<\/p>\n","protected":false},"excerpt":{"rendered":"<p>Este mi\u00e9rcoles 26 de julio conmemoramos el d\u00eda de nuestra patrona y el 39\u00b0 aniversario de la creaci\u00f3n de nuestro Municipio, motivo por el cual ser\u00e1 feriado en toda la jurisdicci\u00f3n de Santa Ana. \u25aa El mismo fue declarado por el Intendente Rogelio Zanandrea mediante Decreto N\u00b092\/2023.<\/p>\n","protected":false},"author":1,"featured_media":3426,"comment_status":"open","ping_status":"open","sticky":false,"template":"","format":"standard","meta":{"footnotes":""},"categories":[1],"tags":[],"class_list":["post-3425","post","type-post","status-publish","format-standard","has-post-thumbnail","hentry","category-noticias"],"_links":{"self":[{"href":"https:\/\/www.santaana.gob.ar\/home\/wp-json\/wp\/v2\/posts\/3425","targetHints":{"allow":["GET"]}}],"collection":[{"href":"https:\/\/www.santaana.gob.ar\/home\/wp-json\/wp\/v2\/posts"}],"about":[{"href":"https:\/\/www.santaana.gob.ar\/home\/wp-json\/wp\/v2\/types\/post"}],"author":[{"embeddable":true,"href":"https:\/\/www.santaana.gob.ar\/home\/wp-json\/wp\/v2\/users\/1"}],"replies":[{"embeddable":true,"href":"https:\/\/www.santaana.gob.ar\/home\/wp-json\/wp\/v2\/comments?post=3425"}],"version-history":[{"count":1,"href":"https:\/\/www.santaana.gob.ar\/home\/wp-json\/wp\/v2\/posts\/3425\/revisions"}],"predecessor-version":[{"id":3427,"href":"https:\/\/www.santaana.gob.ar\/home\/wp-json\/wp\/v2\/posts\/3425\/revisions\/3427"}],"wp:featuredmedia":[{"embeddable":true,"href":"https:\/\/www.santaana.gob.ar\/home\/wp-json\/wp\/v2\/media\/3426"}],"wp:attachment":[{"href":"https:\/\/www.santaana.gob.ar\/home\/wp-json\/wp\/v2\/media?parent=3425"}],"wp:term":[{"taxonomy":"category","embeddable":true,"href":"https:\/\/www.santaana.gob.ar\/home\/wp-json\/wp\/v2\/categories?post=3425"},{"taxonomy":"post_tag","embeddable":true,"href":"https:\/\/www.santaana.gob.ar\/home\/wp-json\/wp\/v2\/tags?post=3425"}],"curies":[{"name":"wp","href":"https:\/\/api.w.org\/{rel}","templated":true}]}}