{"id":3422,"date":"2023-07-24T13:15:49","date_gmt":"2023-07-24T13:15:49","guid":{"rendered":"http:\/\/www.santaana.gob.ar\/home\/?p=3422"},"modified":"2023-07-24T13:15:49","modified_gmt":"2023-07-24T13:15:49","slug":"taller-para-realizar-pickles","status":"publish","type":"post","link":"https:\/\/www.santaana.gob.ar\/home\/2023\/07\/24\/taller-para-realizar-pickles\/","title":{"rendered":"TALLER PARA REALIZAR PICKLES"},"content":{"rendered":"<p>La Direcci\u00f3n de Acci\u00f3n Social de la Municipalidad de Santa Ana te invita a formar parte de este taller que ser\u00e1 dictado por personal del INTA Chajari con modalidad te\u00f3rico pr\u00e1ctico, donde aprender\u00e1s a realizar pickles de diferentes verduras.<br \/>\n\ud83d\udcc5 El mismo se dictar\u00e1 el d\u00eda jueves 27 de julio de 9 a 12 horas, en las instalaciones del NIDO. Los cupos son limitados.<br \/>\n\u2139\ufe0f Por inscripciones acercate a la oficina de la Direcci\u00f3n de Acci\u00f3n Social (ubicada en el NIDO) de 7 a 13 horas.<\/p>\n","protected":false},"excerpt":{"rendered":"<p>La Direcci\u00f3n de Acci\u00f3n Social de la Municipalidad de Santa Ana te invita a formar parte de este taller que ser\u00e1 dictado por personal del INTA Chajari con modalidad te\u00f3rico pr\u00e1ctico, donde aprender\u00e1s a realizar pickles de diferentes verduras. \ud83d\udcc5 El mismo se dictar\u00e1 el d\u00eda jueves 27 de julio de 9 a 12 horas,<a class=\"moretag\" href=\"https:\/\/www.santaana.gob.ar\/home\/2023\/07\/24\/taller-para-realizar-pickles\/\"><span class=\"screen-reader-text\">Leer m\u00e1s sobre TALLER PARA REALIZAR PICKLES<\/span>[&#8230;]<\/a><\/p>\n","protected":false},"author":1,"featured_media":3423,"comment_status":"open","ping_status":"open","sticky":false,"template":"","format":"standard","meta":{"footnotes":""},"categories":[1],"tags":[],"class_list":["post-3422","post","type-post","status-publish","format-standard","has-post-thumbnail","hentry","category-noticias"],"_links":{"self":[{"href":"https:\/\/www.santaana.gob.ar\/home\/wp-json\/wp\/v2\/posts\/3422","targetHints":{"allow":["GET"]}}],"collection":[{"href":"https:\/\/www.santaana.gob.ar\/home\/wp-json\/wp\/v2\/posts"}],"about":[{"href":"https:\/\/www.santaana.gob.ar\/home\/wp-json\/wp\/v2\/types\/post"}],"author":[{"embeddable":true,"href":"https:\/\/www.santaana.gob.ar\/home\/wp-json\/wp\/v2\/users\/1"}],"replies":[{"embeddable":true,"href":"https:\/\/www.santaana.gob.ar\/home\/wp-json\/wp\/v2\/comments?post=3422"}],"version-history":[{"count":1,"href":"https:\/\/www.santaana.gob.ar\/home\/wp-json\/wp\/v2\/posts\/3422\/revisions"}],"predecessor-version":[{"id":3424,"href":"https:\/\/www.santaana.gob.ar\/home\/wp-json\/wp\/v2\/posts\/3422\/revisions\/3424"}],"wp:featuredmedia":[{"embeddable":true,"href":"https:\/\/www.santaana.gob.ar\/home\/wp-json\/wp\/v2\/media\/3423"}],"wp:attachment":[{"href":"https:\/\/www.santaana.gob.ar\/home\/wp-json\/wp\/v2\/media?parent=3422"}],"wp:term":[{"taxonomy":"category","embeddable":true,"href":"https:\/\/www.santaana.gob.ar\/home\/wp-json\/wp\/v2\/categories?post=3422"},{"taxonomy":"post_tag","embeddable":true,"href":"https:\/\/www.santaana.gob.ar\/home\/wp-json\/wp\/v2\/tags?post=3422"}],"curies":[{"name":"wp","href":"https:\/\/api.w.org\/{rel}","templated":true}]}}