{"id":3419,"date":"2023-07-21T13:46:06","date_gmt":"2023-07-21T13:46:06","guid":{"rendered":"http:\/\/www.santaana.gob.ar\/home\/?p=3419"},"modified":"2023-07-21T13:46:06","modified_gmt":"2023-07-21T13:46:06","slug":"continuan-las-obras-en-el-cementerio-municipal","status":"publish","type":"post","link":"https:\/\/www.santaana.gob.ar\/home\/2023\/07\/21\/continuan-las-obras-en-el-cementerio-municipal\/","title":{"rendered":"CONTIN\u00daAN LAS OBRAS EN EL CEMENTERIO MUNICIPAL"},"content":{"rendered":"<p>Esta semana personal de Obras P\u00fablicas de la Municipalidad de Santa Ana estuvo realizando tareas de hormig\u00f3n en la loza principal, muros y veredas del cementerio.<br \/>\n\u25aa\ufe0f Esta obra, que se construye completamente con mano de obra y recursos municipales, contempla tambi\u00e9n la construcci\u00f3n de la fachada principal, el cerramiento con muro perimetral y las veredas.<\/p>\n","protected":false},"excerpt":{"rendered":"<p>Esta semana personal de Obras P\u00fablicas de la Municipalidad de Santa Ana estuvo realizando tareas de hormig\u00f3n en la loza principal, muros y veredas del cementerio. \u25aa\ufe0f Esta obra, que se construye completamente con mano de obra y recursos municipales, contempla tambi\u00e9n la construcci\u00f3n de la fachada principal, el cerramiento con muro perimetral y las<a class=\"moretag\" href=\"https:\/\/www.santaana.gob.ar\/home\/2023\/07\/21\/continuan-las-obras-en-el-cementerio-municipal\/\"><span class=\"screen-reader-text\">Leer m\u00e1s sobre CONTIN\u00daAN LAS OBRAS EN EL CEMENTERIO MUNICIPAL<\/span>[&#8230;]<\/a><\/p>\n","protected":false},"author":1,"featured_media":3420,"comment_status":"open","ping_status":"open","sticky":false,"template":"","format":"standard","meta":{"footnotes":""},"categories":[1],"tags":[],"class_list":["post-3419","post","type-post","status-publish","format-standard","has-post-thumbnail","hentry","category-noticias"],"_links":{"self":[{"href":"https:\/\/www.santaana.gob.ar\/home\/wp-json\/wp\/v2\/posts\/3419","targetHints":{"allow":["GET"]}}],"collection":[{"href":"https:\/\/www.santaana.gob.ar\/home\/wp-json\/wp\/v2\/posts"}],"about":[{"href":"https:\/\/www.santaana.gob.ar\/home\/wp-json\/wp\/v2\/types\/post"}],"author":[{"embeddable":true,"href":"https:\/\/www.santaana.gob.ar\/home\/wp-json\/wp\/v2\/users\/1"}],"replies":[{"embeddable":true,"href":"https:\/\/www.santaana.gob.ar\/home\/wp-json\/wp\/v2\/comments?post=3419"}],"version-history":[{"count":1,"href":"https:\/\/www.santaana.gob.ar\/home\/wp-json\/wp\/v2\/posts\/3419\/revisions"}],"predecessor-version":[{"id":3421,"href":"https:\/\/www.santaana.gob.ar\/home\/wp-json\/wp\/v2\/posts\/3419\/revisions\/3421"}],"wp:featuredmedia":[{"embeddable":true,"href":"https:\/\/www.santaana.gob.ar\/home\/wp-json\/wp\/v2\/media\/3420"}],"wp:attachment":[{"href":"https:\/\/www.santaana.gob.ar\/home\/wp-json\/wp\/v2\/media?parent=3419"}],"wp:term":[{"taxonomy":"category","embeddable":true,"href":"https:\/\/www.santaana.gob.ar\/home\/wp-json\/wp\/v2\/categories?post=3419"},{"taxonomy":"post_tag","embeddable":true,"href":"https:\/\/www.santaana.gob.ar\/home\/wp-json\/wp\/v2\/tags?post=3419"}],"curies":[{"name":"wp","href":"https:\/\/api.w.org\/{rel}","templated":true}]}}