{"id":3413,"date":"2023-07-19T11:37:31","date_gmt":"2023-07-19T11:37:31","guid":{"rendered":"http:\/\/www.santaana.gob.ar\/home\/?p=3413"},"modified":"2023-07-19T11:37:31","modified_gmt":"2023-07-19T11:37:31","slug":"el-sueno-termal-cada-vez-mas-cerca","status":"publish","type":"post","link":"https:\/\/www.santaana.gob.ar\/home\/2023\/07\/19\/el-sueno-termal-cada-vez-mas-cerca\/","title":{"rendered":"EL SUE\u00d1O TERMAL CADA VEZ M\u00c1S CERCA"},"content":{"rendered":"<p>Este martes 18 de julio  recibimos en Santa Ana la parte m\u00e1s importante de la maquinaria que se va a encargar de realizar la perforaci\u00f3n Termal. La semana pasada llegaron los ca\u00f1os de acero para el entubado del pozo.<br \/>\n\ud83d\ude4c D\u00edas hist\u00f3ricos se est\u00e1n viviendo en nuestra localidad en materia de desarrollo tur\u00edstico. \u00a1El sue\u00f1o de nuestras Termas est\u00e1 cada vez m\u00e1s cerca a concretarse!<\/p>\n","protected":false},"excerpt":{"rendered":"<p>Este martes 18 de julio recibimos en Santa Ana la parte m\u00e1s importante de la maquinaria que se va a encargar de realizar la perforaci\u00f3n Termal. La semana pasada llegaron los ca\u00f1os de acero para el entubado del pozo. \ud83d\ude4c D\u00edas hist\u00f3ricos se est\u00e1n viviendo en nuestra localidad en materia de desarrollo tur\u00edstico. \u00a1El sue\u00f1o<a class=\"moretag\" href=\"https:\/\/www.santaana.gob.ar\/home\/2023\/07\/19\/el-sueno-termal-cada-vez-mas-cerca\/\"><span class=\"screen-reader-text\">Leer m\u00e1s sobre EL SUE\u00d1O TERMAL CADA VEZ M\u00c1S CERCA<\/span>[&#8230;]<\/a><\/p>\n","protected":false},"author":1,"featured_media":3414,"comment_status":"open","ping_status":"open","sticky":false,"template":"","format":"standard","meta":{"footnotes":""},"categories":[1],"tags":[],"class_list":["post-3413","post","type-post","status-publish","format-standard","has-post-thumbnail","hentry","category-noticias"],"_links":{"self":[{"href":"https:\/\/www.santaana.gob.ar\/home\/wp-json\/wp\/v2\/posts\/3413","targetHints":{"allow":["GET"]}}],"collection":[{"href":"https:\/\/www.santaana.gob.ar\/home\/wp-json\/wp\/v2\/posts"}],"about":[{"href":"https:\/\/www.santaana.gob.ar\/home\/wp-json\/wp\/v2\/types\/post"}],"author":[{"embeddable":true,"href":"https:\/\/www.santaana.gob.ar\/home\/wp-json\/wp\/v2\/users\/1"}],"replies":[{"embeddable":true,"href":"https:\/\/www.santaana.gob.ar\/home\/wp-json\/wp\/v2\/comments?post=3413"}],"version-history":[{"count":1,"href":"https:\/\/www.santaana.gob.ar\/home\/wp-json\/wp\/v2\/posts\/3413\/revisions"}],"predecessor-version":[{"id":3415,"href":"https:\/\/www.santaana.gob.ar\/home\/wp-json\/wp\/v2\/posts\/3413\/revisions\/3415"}],"wp:featuredmedia":[{"embeddable":true,"href":"https:\/\/www.santaana.gob.ar\/home\/wp-json\/wp\/v2\/media\/3414"}],"wp:attachment":[{"href":"https:\/\/www.santaana.gob.ar\/home\/wp-json\/wp\/v2\/media?parent=3413"}],"wp:term":[{"taxonomy":"category","embeddable":true,"href":"https:\/\/www.santaana.gob.ar\/home\/wp-json\/wp\/v2\/categories?post=3413"},{"taxonomy":"post_tag","embeddable":true,"href":"https:\/\/www.santaana.gob.ar\/home\/wp-json\/wp\/v2\/tags?post=3413"}],"curies":[{"name":"wp","href":"https:\/\/api.w.org\/{rel}","templated":true}]}}