{"id":3410,"date":"2023-07-18T13:20:05","date_gmt":"2023-07-18T13:20:05","guid":{"rendered":"http:\/\/www.santaana.gob.ar\/home\/?p=3410"},"modified":"2023-07-18T13:20:05","modified_gmt":"2023-07-18T13:20:05","slug":"este-jueves-tenemos-cine","status":"publish","type":"post","link":"https:\/\/www.santaana.gob.ar\/home\/2023\/07\/18\/este-jueves-tenemos-cine\/","title":{"rendered":"ESTE JUEVES TENEMOS CINE"},"content":{"rendered":"<p>Este jueves 20 de julio, a las 15 horas, en las instalaciones del NIDO, te invitamos a ver la peli RED.<br \/>\n\ud83d\udc49 Esta actividad, que es organizada por la Direcci\u00f3n de Acci\u00f3n Social de la Municipalidad de Santa Ana, est\u00e1 destinada a ni\u00f1os y ni\u00f1as de nuestra localidad que tengan entre 8 y 12 a\u00f1os de edad.<br \/>\n\ud83d\ude4f Tenes que llevar un almohadoncito y muchas ganas de disfrutar. \u00a1Te esperamos!<br \/>\nAgend\u00e1 \ud83d\udc47<br \/>\n\ud83d\udcc5 Jueves 20 julio<br \/>\n\ud83d\udd52 15 horas<br \/>\n\ud83d\udccd Instalaciones del NIDO<\/p>\n","protected":false},"excerpt":{"rendered":"<p>Este jueves 20 de julio, a las 15 horas, en las instalaciones del NIDO, te invitamos a ver la peli RED. \ud83d\udc49 Esta actividad, que es organizada por la Direcci\u00f3n de Acci\u00f3n Social de la Municipalidad de Santa Ana, est\u00e1 destinada a ni\u00f1os y ni\u00f1as de nuestra localidad que tengan entre 8 y 12 a\u00f1os<a class=\"moretag\" href=\"https:\/\/www.santaana.gob.ar\/home\/2023\/07\/18\/este-jueves-tenemos-cine\/\"><span class=\"screen-reader-text\">Leer m\u00e1s sobre ESTE JUEVES TENEMOS CINE<\/span>[&#8230;]<\/a><\/p>\n","protected":false},"author":1,"featured_media":3411,"comment_status":"open","ping_status":"open","sticky":false,"template":"","format":"standard","meta":{"footnotes":""},"categories":[1],"tags":[],"class_list":["post-3410","post","type-post","status-publish","format-standard","has-post-thumbnail","hentry","category-noticias"],"_links":{"self":[{"href":"https:\/\/www.santaana.gob.ar\/home\/wp-json\/wp\/v2\/posts\/3410","targetHints":{"allow":["GET"]}}],"collection":[{"href":"https:\/\/www.santaana.gob.ar\/home\/wp-json\/wp\/v2\/posts"}],"about":[{"href":"https:\/\/www.santaana.gob.ar\/home\/wp-json\/wp\/v2\/types\/post"}],"author":[{"embeddable":true,"href":"https:\/\/www.santaana.gob.ar\/home\/wp-json\/wp\/v2\/users\/1"}],"replies":[{"embeddable":true,"href":"https:\/\/www.santaana.gob.ar\/home\/wp-json\/wp\/v2\/comments?post=3410"}],"version-history":[{"count":1,"href":"https:\/\/www.santaana.gob.ar\/home\/wp-json\/wp\/v2\/posts\/3410\/revisions"}],"predecessor-version":[{"id":3412,"href":"https:\/\/www.santaana.gob.ar\/home\/wp-json\/wp\/v2\/posts\/3410\/revisions\/3412"}],"wp:featuredmedia":[{"embeddable":true,"href":"https:\/\/www.santaana.gob.ar\/home\/wp-json\/wp\/v2\/media\/3411"}],"wp:attachment":[{"href":"https:\/\/www.santaana.gob.ar\/home\/wp-json\/wp\/v2\/media?parent=3410"}],"wp:term":[{"taxonomy":"category","embeddable":true,"href":"https:\/\/www.santaana.gob.ar\/home\/wp-json\/wp\/v2\/categories?post=3410"},{"taxonomy":"post_tag","embeddable":true,"href":"https:\/\/www.santaana.gob.ar\/home\/wp-json\/wp\/v2\/tags?post=3410"}],"curies":[{"name":"wp","href":"https:\/\/api.w.org\/{rel}","templated":true}]}}