{"id":3404,"date":"2023-07-17T20:10:38","date_gmt":"2023-07-17T20:10:38","guid":{"rendered":"http:\/\/www.santaana.gob.ar\/home\/?p=3404"},"modified":"2023-07-17T20:10:38","modified_gmt":"2023-07-17T20:10:38","slug":"encuentro-de-voley-en-villa-del-rosario","status":"publish","type":"post","link":"https:\/\/www.santaana.gob.ar\/home\/2023\/07\/17\/encuentro-de-voley-en-villa-del-rosario\/","title":{"rendered":"ENCUENTRO DE VOLEY EN VILLA DEL ROSARIO"},"content":{"rendered":"<p>Dicho encuentro se llev\u00f3 a cabo la semana pasada y all\u00ed estuvieron presentes nuestros chicos del Taller de Voley. Participaron con las categor\u00edas menores y libre mixto.<br \/>\n\ud83d\ude4cUn agradecimiento muy grande a la Municipalidad Villa del Rosario E.R por la invitaci\u00f3n y por dejar que nuestros gurises pasen una gran jornada deportiva.<\/p>\n","protected":false},"excerpt":{"rendered":"<p>Dicho encuentro se llev\u00f3 a cabo la semana pasada y all\u00ed estuvieron presentes nuestros chicos del Taller de Voley. Participaron con las categor\u00edas menores y libre mixto. \ud83d\ude4cUn agradecimiento muy grande a la Municipalidad Villa del Rosario E.R por la invitaci\u00f3n y por dejar que nuestros gurises pasen una gran jornada deportiva.<\/p>\n","protected":false},"author":1,"featured_media":3405,"comment_status":"open","ping_status":"open","sticky":false,"template":"","format":"standard","meta":{"footnotes":""},"categories":[1],"tags":[],"class_list":["post-3404","post","type-post","status-publish","format-standard","has-post-thumbnail","hentry","category-noticias"],"_links":{"self":[{"href":"https:\/\/www.santaana.gob.ar\/home\/wp-json\/wp\/v2\/posts\/3404","targetHints":{"allow":["GET"]}}],"collection":[{"href":"https:\/\/www.santaana.gob.ar\/home\/wp-json\/wp\/v2\/posts"}],"about":[{"href":"https:\/\/www.santaana.gob.ar\/home\/wp-json\/wp\/v2\/types\/post"}],"author":[{"embeddable":true,"href":"https:\/\/www.santaana.gob.ar\/home\/wp-json\/wp\/v2\/users\/1"}],"replies":[{"embeddable":true,"href":"https:\/\/www.santaana.gob.ar\/home\/wp-json\/wp\/v2\/comments?post=3404"}],"version-history":[{"count":1,"href":"https:\/\/www.santaana.gob.ar\/home\/wp-json\/wp\/v2\/posts\/3404\/revisions"}],"predecessor-version":[{"id":3406,"href":"https:\/\/www.santaana.gob.ar\/home\/wp-json\/wp\/v2\/posts\/3404\/revisions\/3406"}],"wp:featuredmedia":[{"embeddable":true,"href":"https:\/\/www.santaana.gob.ar\/home\/wp-json\/wp\/v2\/media\/3405"}],"wp:attachment":[{"href":"https:\/\/www.santaana.gob.ar\/home\/wp-json\/wp\/v2\/media?parent=3404"}],"wp:term":[{"taxonomy":"category","embeddable":true,"href":"https:\/\/www.santaana.gob.ar\/home\/wp-json\/wp\/v2\/categories?post=3404"},{"taxonomy":"post_tag","embeddable":true,"href":"https:\/\/www.santaana.gob.ar\/home\/wp-json\/wp\/v2\/tags?post=3404"}],"curies":[{"name":"wp","href":"https:\/\/api.w.org\/{rel}","templated":true}]}}