{"id":3398,"date":"2023-07-12T12:13:38","date_gmt":"2023-07-12T12:13:38","guid":{"rendered":"http:\/\/www.santaana.gob.ar\/home\/?p=3398"},"modified":"2023-07-12T12:13:38","modified_gmt":"2023-07-12T12:13:38","slug":"visita-al-vivero-de-plantas-nativas","status":"publish","type":"post","link":"https:\/\/www.santaana.gob.ar\/home\/2023\/07\/12\/visita-al-vivero-de-plantas-nativas\/","title":{"rendered":"VISITA AL VIVERO DE PLANTAS NATIVAS"},"content":{"rendered":"<p>Este martes 11 de julio personal del Vivero Municipal visit\u00f3 las instalaciones del Vivero de Plantas Nativas de Salto Grande. All\u00ed fueron recibidos por el Ing. Agr. Gonzalo Machado y la Bi\u00f3loga Claudia Simon Zinnon.<br \/>\n\ud83d\ude4c Fue una visita muy enriquecedora donde se identificaron especies y t\u00e9cnicas de cultivos. \u00a1Muchas gracias a los t\u00e9cnicos por su predisposici\u00f3n y recibimiento!<\/p>\n","protected":false},"excerpt":{"rendered":"<p>Este martes 11 de julio personal del Vivero Municipal visit\u00f3 las instalaciones del Vivero de Plantas Nativas de Salto Grande. All\u00ed fueron recibidos por el Ing. Agr. Gonzalo Machado y la Bi\u00f3loga Claudia Simon Zinnon. \ud83d\ude4c Fue una visita muy enriquecedora donde se identificaron especies y t\u00e9cnicas de cultivos. \u00a1Muchas gracias a los t\u00e9cnicos por<a class=\"moretag\" href=\"https:\/\/www.santaana.gob.ar\/home\/2023\/07\/12\/visita-al-vivero-de-plantas-nativas\/\"><span class=\"screen-reader-text\">Leer m\u00e1s sobre VISITA AL VIVERO DE PLANTAS NATIVAS<\/span>[&#8230;]<\/a><\/p>\n","protected":false},"author":1,"featured_media":3399,"comment_status":"open","ping_status":"open","sticky":false,"template":"","format":"standard","meta":{"footnotes":""},"categories":[1],"tags":[],"class_list":["post-3398","post","type-post","status-publish","format-standard","has-post-thumbnail","hentry","category-noticias"],"_links":{"self":[{"href":"https:\/\/www.santaana.gob.ar\/home\/wp-json\/wp\/v2\/posts\/3398","targetHints":{"allow":["GET"]}}],"collection":[{"href":"https:\/\/www.santaana.gob.ar\/home\/wp-json\/wp\/v2\/posts"}],"about":[{"href":"https:\/\/www.santaana.gob.ar\/home\/wp-json\/wp\/v2\/types\/post"}],"author":[{"embeddable":true,"href":"https:\/\/www.santaana.gob.ar\/home\/wp-json\/wp\/v2\/users\/1"}],"replies":[{"embeddable":true,"href":"https:\/\/www.santaana.gob.ar\/home\/wp-json\/wp\/v2\/comments?post=3398"}],"version-history":[{"count":1,"href":"https:\/\/www.santaana.gob.ar\/home\/wp-json\/wp\/v2\/posts\/3398\/revisions"}],"predecessor-version":[{"id":3400,"href":"https:\/\/www.santaana.gob.ar\/home\/wp-json\/wp\/v2\/posts\/3398\/revisions\/3400"}],"wp:featuredmedia":[{"embeddable":true,"href":"https:\/\/www.santaana.gob.ar\/home\/wp-json\/wp\/v2\/media\/3399"}],"wp:attachment":[{"href":"https:\/\/www.santaana.gob.ar\/home\/wp-json\/wp\/v2\/media?parent=3398"}],"wp:term":[{"taxonomy":"category","embeddable":true,"href":"https:\/\/www.santaana.gob.ar\/home\/wp-json\/wp\/v2\/categories?post=3398"},{"taxonomy":"post_tag","embeddable":true,"href":"https:\/\/www.santaana.gob.ar\/home\/wp-json\/wp\/v2\/tags?post=3398"}],"curies":[{"name":"wp","href":"https:\/\/api.w.org\/{rel}","templated":true}]}}