{"id":3393,"date":"2023-07-10T10:58:36","date_gmt":"2023-07-10T10:58:36","guid":{"rendered":"http:\/\/www.santaana.gob.ar\/home\/?p=3393"},"modified":"2023-07-10T10:58:36","modified_gmt":"2023-07-10T10:58:36","slug":"anses-atendera-en-santa-ana-32","status":"publish","type":"post","link":"https:\/\/www.santaana.gob.ar\/home\/2023\/07\/10\/anses-atendera-en-santa-ana-32\/","title":{"rendered":"ANSES ATENDER\u00c1 EN SANTA ANA"},"content":{"rendered":"<p>Ser\u00e1 el jueves 13 de julio, de 8 a 13 horas, en las instalaciones del NIDO y se podr\u00e1n realizar diferentes tr\u00e1mites vinculados a la asignaci\u00f3n universal, monotributo, obra social, reclamos y asesoramiento en general, entre otros.<br \/>\nLos interesados deber\u00e1n solicitar turno en la oficina de la Direcci\u00f3n de Acci\u00f3n Social ubicada en el NIDO, de lunes a viernes de 7 a 13 horas.<\/p>\n","protected":false},"excerpt":{"rendered":"<p>Ser\u00e1 el jueves 13 de julio, de 8 a 13 horas, en las instalaciones del NIDO y se podr\u00e1n realizar diferentes tr\u00e1mites vinculados a la asignaci\u00f3n universal, monotributo, obra social, reclamos y asesoramiento en general, entre otros. Los interesados deber\u00e1n solicitar turno en la oficina de la Direcci\u00f3n de Acci\u00f3n Social ubicada en el NIDO,<a class=\"moretag\" href=\"https:\/\/www.santaana.gob.ar\/home\/2023\/07\/10\/anses-atendera-en-santa-ana-32\/\"><span class=\"screen-reader-text\">Leer m\u00e1s sobre ANSES ATENDER\u00c1 EN SANTA ANA<\/span>[&#8230;]<\/a><\/p>\n","protected":false},"author":1,"featured_media":2927,"comment_status":"open","ping_status":"open","sticky":false,"template":"","format":"standard","meta":{"footnotes":""},"categories":[1],"tags":[],"class_list":["post-3393","post","type-post","status-publish","format-standard","has-post-thumbnail","hentry","category-noticias"],"_links":{"self":[{"href":"https:\/\/www.santaana.gob.ar\/home\/wp-json\/wp\/v2\/posts\/3393","targetHints":{"allow":["GET"]}}],"collection":[{"href":"https:\/\/www.santaana.gob.ar\/home\/wp-json\/wp\/v2\/posts"}],"about":[{"href":"https:\/\/www.santaana.gob.ar\/home\/wp-json\/wp\/v2\/types\/post"}],"author":[{"embeddable":true,"href":"https:\/\/www.santaana.gob.ar\/home\/wp-json\/wp\/v2\/users\/1"}],"replies":[{"embeddable":true,"href":"https:\/\/www.santaana.gob.ar\/home\/wp-json\/wp\/v2\/comments?post=3393"}],"version-history":[{"count":1,"href":"https:\/\/www.santaana.gob.ar\/home\/wp-json\/wp\/v2\/posts\/3393\/revisions"}],"predecessor-version":[{"id":3394,"href":"https:\/\/www.santaana.gob.ar\/home\/wp-json\/wp\/v2\/posts\/3393\/revisions\/3394"}],"wp:featuredmedia":[{"embeddable":true,"href":"https:\/\/www.santaana.gob.ar\/home\/wp-json\/wp\/v2\/media\/2927"}],"wp:attachment":[{"href":"https:\/\/www.santaana.gob.ar\/home\/wp-json\/wp\/v2\/media?parent=3393"}],"wp:term":[{"taxonomy":"category","embeddable":true,"href":"https:\/\/www.santaana.gob.ar\/home\/wp-json\/wp\/v2\/categories?post=3393"},{"taxonomy":"post_tag","embeddable":true,"href":"https:\/\/www.santaana.gob.ar\/home\/wp-json\/wp\/v2\/tags?post=3393"}],"curies":[{"name":"wp","href":"https:\/\/api.w.org\/{rel}","templated":true}]}}