{"id":3387,"date":"2023-07-10T10:56:13","date_gmt":"2023-07-10T10:56:13","guid":{"rendered":"http:\/\/www.santaana.gob.ar\/home\/?p=3387"},"modified":"2023-07-10T10:56:13","modified_gmt":"2023-07-10T10:56:13","slug":"aniversario-jardin-miguitas-de-ternura","status":"publish","type":"post","link":"https:\/\/www.santaana.gob.ar\/home\/2023\/07\/10\/aniversario-jardin-miguitas-de-ternura\/","title":{"rendered":"ANIVERSARIO JARD\u00cdN \u00abMIGUITAS DE TERNURA\u00bb"},"content":{"rendered":"<p>FELIZ CUMPLEA\u00d1OS PARA EL JARD\u00cdN \u00abMIGUITAS DE TERNURA\u00bb \ud83e\udd73<br \/>\n\u25aa\ufe0f Estuvimos festejando el 30\u00b0 aniversario del Jard\u00edn Maternal Municipal \u00abMiguitas de Ternura\u00bb.<br \/>\n\ud83d\udc76 Esta instituci\u00f3n cuenta en la actualidad con una matr\u00edcula de 55 ni\u00f1os desde los 45 d\u00edas de vida hasta los tres a\u00f1os de edad.<br \/>\n\ud83d\ude4c Fue fundada un 9 de Julio de 1993 y es actualmente un orgullo para nuestra localidad por su dedicaci\u00f3n y calidad educativa.<br \/>\n\ud83d\udc4f \u00a1Felicidades!<\/p>\n","protected":false},"excerpt":{"rendered":"<p>FELIZ CUMPLEA\u00d1OS PARA EL JARD\u00cdN \u00abMIGUITAS DE TERNURA\u00bb \ud83e\udd73 \u25aa\ufe0f Estuvimos festejando el 30\u00b0 aniversario del Jard\u00edn Maternal Municipal \u00abMiguitas de Ternura\u00bb. \ud83d\udc76 Esta instituci\u00f3n cuenta en la actualidad con una matr\u00edcula de 55 ni\u00f1os desde los 45 d\u00edas de vida hasta los tres a\u00f1os de edad. \ud83d\ude4c Fue fundada un 9 de Julio de<a class=\"moretag\" href=\"https:\/\/www.santaana.gob.ar\/home\/2023\/07\/10\/aniversario-jardin-miguitas-de-ternura\/\"><span class=\"screen-reader-text\">Leer m\u00e1s sobre ANIVERSARIO JARD\u00cdN \u00abMIGUITAS DE TERNURA\u00bb<\/span>[&#8230;]<\/a><\/p>\n","protected":false},"author":1,"featured_media":3388,"comment_status":"open","ping_status":"open","sticky":false,"template":"","format":"standard","meta":{"footnotes":""},"categories":[1],"tags":[],"class_list":["post-3387","post","type-post","status-publish","format-standard","has-post-thumbnail","hentry","category-noticias"],"_links":{"self":[{"href":"https:\/\/www.santaana.gob.ar\/home\/wp-json\/wp\/v2\/posts\/3387","targetHints":{"allow":["GET"]}}],"collection":[{"href":"https:\/\/www.santaana.gob.ar\/home\/wp-json\/wp\/v2\/posts"}],"about":[{"href":"https:\/\/www.santaana.gob.ar\/home\/wp-json\/wp\/v2\/types\/post"}],"author":[{"embeddable":true,"href":"https:\/\/www.santaana.gob.ar\/home\/wp-json\/wp\/v2\/users\/1"}],"replies":[{"embeddable":true,"href":"https:\/\/www.santaana.gob.ar\/home\/wp-json\/wp\/v2\/comments?post=3387"}],"version-history":[{"count":1,"href":"https:\/\/www.santaana.gob.ar\/home\/wp-json\/wp\/v2\/posts\/3387\/revisions"}],"predecessor-version":[{"id":3389,"href":"https:\/\/www.santaana.gob.ar\/home\/wp-json\/wp\/v2\/posts\/3387\/revisions\/3389"}],"wp:featuredmedia":[{"embeddable":true,"href":"https:\/\/www.santaana.gob.ar\/home\/wp-json\/wp\/v2\/media\/3388"}],"wp:attachment":[{"href":"https:\/\/www.santaana.gob.ar\/home\/wp-json\/wp\/v2\/media?parent=3387"}],"wp:term":[{"taxonomy":"category","embeddable":true,"href":"https:\/\/www.santaana.gob.ar\/home\/wp-json\/wp\/v2\/categories?post=3387"},{"taxonomy":"post_tag","embeddable":true,"href":"https:\/\/www.santaana.gob.ar\/home\/wp-json\/wp\/v2\/tags?post=3387"}],"curies":[{"name":"wp","href":"https:\/\/api.w.org\/{rel}","templated":true}]}}