{"id":3381,"date":"2023-07-04T12:50:31","date_gmt":"2023-07-04T12:50:31","guid":{"rendered":"http:\/\/www.santaana.gob.ar\/home\/?p=3381"},"modified":"2023-07-04T12:50:31","modified_gmt":"2023-07-04T12:50:31","slug":"finalizo-el-taller-de-estilo-saludable","status":"publish","type":"post","link":"https:\/\/www.santaana.gob.ar\/home\/2023\/07\/04\/finalizo-el-taller-de-estilo-saludable\/","title":{"rendered":"FINALIZ\u00d3 EL TALLER DE ESTILO SALUDABLE"},"content":{"rendered":"<p>El taller, dependiente del Programa J\u00f3venes Protagonistas COPNAF, lleg\u00f3 a su fin luego de llevarse a cabo por 5 meses.<br \/>\n\u25aa\ufe0f En el mismo participaron los alumnos de la Escuela N\u00b010 \u00abCheroga Mokoi\u00bb y las actividades fueron llevadas a cabo por el Profesor Agust\u00edn Barrios y diferentes profesionales que brindaron charlas acorde a los objetivos planteados en dicho proyecto, bajo la coordinaci\u00f3n del \u00c1rea NAF de la Municipalidad de Santa Ana y personal directivo de dicha instituci\u00f3n.<br \/>\n\ud83d\ude4c Gracias a los chicos por formar parte de estas actividades y a la escuela por el espacio f\u00edsico y el acompa\u00f1amiento. \u00a1Fue una gran experiencia para todos!<\/p>\n","protected":false},"excerpt":{"rendered":"<p>El taller, dependiente del Programa J\u00f3venes Protagonistas COPNAF, lleg\u00f3 a su fin luego de llevarse a cabo por 5 meses. \u25aa\ufe0f En el mismo participaron los alumnos de la Escuela N\u00b010 \u00abCheroga Mokoi\u00bb y las actividades fueron llevadas a cabo por el Profesor Agust\u00edn Barrios y diferentes profesionales que brindaron charlas acorde a los objetivos<a class=\"moretag\" href=\"https:\/\/www.santaana.gob.ar\/home\/2023\/07\/04\/finalizo-el-taller-de-estilo-saludable\/\"><span class=\"screen-reader-text\">Leer m\u00e1s sobre FINALIZ\u00d3 EL TALLER DE ESTILO SALUDABLE<\/span>[&#8230;]<\/a><\/p>\n","protected":false},"author":1,"featured_media":3382,"comment_status":"open","ping_status":"open","sticky":false,"template":"","format":"standard","meta":{"footnotes":""},"categories":[1],"tags":[],"class_list":["post-3381","post","type-post","status-publish","format-standard","has-post-thumbnail","hentry","category-noticias"],"_links":{"self":[{"href":"https:\/\/www.santaana.gob.ar\/home\/wp-json\/wp\/v2\/posts\/3381","targetHints":{"allow":["GET"]}}],"collection":[{"href":"https:\/\/www.santaana.gob.ar\/home\/wp-json\/wp\/v2\/posts"}],"about":[{"href":"https:\/\/www.santaana.gob.ar\/home\/wp-json\/wp\/v2\/types\/post"}],"author":[{"embeddable":true,"href":"https:\/\/www.santaana.gob.ar\/home\/wp-json\/wp\/v2\/users\/1"}],"replies":[{"embeddable":true,"href":"https:\/\/www.santaana.gob.ar\/home\/wp-json\/wp\/v2\/comments?post=3381"}],"version-history":[{"count":1,"href":"https:\/\/www.santaana.gob.ar\/home\/wp-json\/wp\/v2\/posts\/3381\/revisions"}],"predecessor-version":[{"id":3383,"href":"https:\/\/www.santaana.gob.ar\/home\/wp-json\/wp\/v2\/posts\/3381\/revisions\/3383"}],"wp:featuredmedia":[{"embeddable":true,"href":"https:\/\/www.santaana.gob.ar\/home\/wp-json\/wp\/v2\/media\/3382"}],"wp:attachment":[{"href":"https:\/\/www.santaana.gob.ar\/home\/wp-json\/wp\/v2\/media?parent=3381"}],"wp:term":[{"taxonomy":"category","embeddable":true,"href":"https:\/\/www.santaana.gob.ar\/home\/wp-json\/wp\/v2\/categories?post=3381"},{"taxonomy":"post_tag","embeddable":true,"href":"https:\/\/www.santaana.gob.ar\/home\/wp-json\/wp\/v2\/tags?post=3381"}],"curies":[{"name":"wp","href":"https:\/\/api.w.org\/{rel}","templated":true}]}}