{"id":3378,"date":"2023-07-01T11:44:02","date_gmt":"2023-07-01T11:44:02","guid":{"rendered":"http:\/\/www.santaana.gob.ar\/home\/?p=3378"},"modified":"2023-07-01T11:44:02","modified_gmt":"2023-07-01T11:44:02","slug":"cada-residuo-en-su-bolsa-2","status":"publish","type":"post","link":"https:\/\/www.santaana.gob.ar\/home\/2023\/07\/01\/cada-residuo-en-su-bolsa-2\/","title":{"rendered":"CADA RESIDUO EN SU BOLSA"},"content":{"rendered":"<p>Una nueva etapa en el cuidado del ambiente se inici\u00f3 en nuestra localidad a partir de la Planta de Tratamiento de Residuos S\u00f3lidos Urbanos.<br \/>\n\u2139\ufe0f Por este motivo la Municipalidad de Santa Ana recuerda a los vecinos sacar las bolsas de residuos los d\u00edas de recolecci\u00f3n bajo la nueva modalidad de separaci\u00f3n: org\u00e1nico, inorg\u00e1nico y sanitario.<br \/>\nSigamos separando correctamente y respetando el cronograma de recolecci\u00f3n. Porque un Santa Ana limpio, lo hacemos entre todos. \u00a1Cuidemos nuestro medio ambiente!<\/p>\n<p><img loading=\"lazy\" decoding=\"async\" class=\"wp-image-3379 aligncenter\" src=\"http:\/\/www.santaana.gob.ar\/home\/wp-content\/uploads\/2023\/07\/357116.jpg\" alt=\"\" width=\"575\" height=\"720\" srcset=\"https:\/\/www.santaana.gob.ar\/home\/wp-content\/uploads\/2023\/07\/357116.jpg 787w, https:\/\/www.santaana.gob.ar\/home\/wp-content\/uploads\/2023\/07\/357116-239x300.jpg 239w, https:\/\/www.santaana.gob.ar\/home\/wp-content\/uploads\/2023\/07\/357116-768x962.jpg 768w\" sizes=\"auto, (max-width: 575px) 100vw, 575px\" \/><\/p>\n","protected":false},"excerpt":{"rendered":"<p>Una nueva etapa en el cuidado del ambiente se inici\u00f3 en nuestra localidad a partir de la Planta de Tratamiento de Residuos S\u00f3lidos Urbanos. \u2139\ufe0f Por este motivo la Municipalidad de Santa Ana recuerda a los vecinos sacar las bolsas de residuos los d\u00edas de recolecci\u00f3n bajo la nueva modalidad de separaci\u00f3n: org\u00e1nico, inorg\u00e1nico y<a class=\"moretag\" href=\"https:\/\/www.santaana.gob.ar\/home\/2023\/07\/01\/cada-residuo-en-su-bolsa-2\/\"><span class=\"screen-reader-text\">Leer m\u00e1s sobre CADA RESIDUO EN SU BOLSA<\/span>[&#8230;]<\/a><\/p>\n","protected":false},"author":1,"featured_media":3379,"comment_status":"open","ping_status":"open","sticky":false,"template":"","format":"standard","meta":{"footnotes":""},"categories":[1],"tags":[],"class_list":["post-3378","post","type-post","status-publish","format-standard","has-post-thumbnail","hentry","category-noticias"],"_links":{"self":[{"href":"https:\/\/www.santaana.gob.ar\/home\/wp-json\/wp\/v2\/posts\/3378","targetHints":{"allow":["GET"]}}],"collection":[{"href":"https:\/\/www.santaana.gob.ar\/home\/wp-json\/wp\/v2\/posts"}],"about":[{"href":"https:\/\/www.santaana.gob.ar\/home\/wp-json\/wp\/v2\/types\/post"}],"author":[{"embeddable":true,"href":"https:\/\/www.santaana.gob.ar\/home\/wp-json\/wp\/v2\/users\/1"}],"replies":[{"embeddable":true,"href":"https:\/\/www.santaana.gob.ar\/home\/wp-json\/wp\/v2\/comments?post=3378"}],"version-history":[{"count":1,"href":"https:\/\/www.santaana.gob.ar\/home\/wp-json\/wp\/v2\/posts\/3378\/revisions"}],"predecessor-version":[{"id":3380,"href":"https:\/\/www.santaana.gob.ar\/home\/wp-json\/wp\/v2\/posts\/3378\/revisions\/3380"}],"wp:featuredmedia":[{"embeddable":true,"href":"https:\/\/www.santaana.gob.ar\/home\/wp-json\/wp\/v2\/media\/3379"}],"wp:attachment":[{"href":"https:\/\/www.santaana.gob.ar\/home\/wp-json\/wp\/v2\/media?parent=3378"}],"wp:term":[{"taxonomy":"category","embeddable":true,"href":"https:\/\/www.santaana.gob.ar\/home\/wp-json\/wp\/v2\/categories?post=3378"},{"taxonomy":"post_tag","embeddable":true,"href":"https:\/\/www.santaana.gob.ar\/home\/wp-json\/wp\/v2\/tags?post=3378"}],"curies":[{"name":"wp","href":"https:\/\/api.w.org\/{rel}","templated":true}]}}