{"id":3363,"date":"2023-06-22T18:58:42","date_gmt":"2023-06-22T18:58:42","guid":{"rendered":"http:\/\/www.santaana.gob.ar\/home\/?p=3363"},"modified":"2023-06-22T18:58:42","modified_gmt":"2023-06-22T18:58:42","slug":"taller-sobre-redes-sociales-orientadas-al-turismo","status":"publish","type":"post","link":"https:\/\/www.santaana.gob.ar\/home\/2023\/06\/22\/taller-sobre-redes-sociales-orientadas-al-turismo\/","title":{"rendered":"TALLER SOBRE REDES SOCIALES ORIENTADAS AL TURISMO"},"content":{"rendered":"<p>El mismo, que ser\u00e1 dictado por la T\u00e9c. Lorena Regner, se enmarca en el Programa \u00abFortalecimiento del Turismo en los Gobiernos Locales 2023\u00bb y tiene como objetivo conocer las potencialidades de la comunicaci\u00f3n tur\u00edstica por medio del uso de las redes sociales y brindar las herramientas necesarias que permitan generar estrategias de contenidos para las mismas.<br \/>\n\u25aa Entre los contenidos se encontrar\u00e1n c\u00f3mo armar una estrategia, los tipos de redes sociales, estrategias de contenidos para Facebook e Instagram, entre otros temas.<br \/>\n\u25aa  Destinatarios: personas que se desempe\u00f1en como administradoras y generadoras de redes sociales de gu\u00edas, prestadores y emprendimientos orientados al turismo como as\u00ed tambi\u00e9n para aquellos vecinos interesados en conocer y utilizar estas herramientas.<br \/>\nAgend\u00e1 \ud83d\udc47<br \/>\n\ud83d\udcc6 Viernes 30 de junio<br \/>\n\ud83d\udd51 14 a 16 horas<br \/>\n\ud83d\udccd Instalaciones del NIDO<br \/>\n\u2139\ufe0f Por informaci\u00f3n e inscripciones comunicarse con la Direcci\u00f3n de Cultura y Turismo de la Municipalidad de Santa Ana.<\/p>\n","protected":false},"excerpt":{"rendered":"<p>El mismo, que ser\u00e1 dictado por la T\u00e9c. Lorena Regner, se enmarca en el Programa \u00abFortalecimiento del Turismo en los Gobiernos Locales 2023\u00bb y tiene como objetivo conocer las potencialidades de la comunicaci\u00f3n tur\u00edstica por medio del uso de las redes sociales y brindar las herramientas necesarias que permitan generar estrategias de contenidos para las<a class=\"moretag\" href=\"https:\/\/www.santaana.gob.ar\/home\/2023\/06\/22\/taller-sobre-redes-sociales-orientadas-al-turismo\/\"><span class=\"screen-reader-text\">Leer m\u00e1s sobre TALLER SOBRE REDES SOCIALES ORIENTADAS AL TURISMO<\/span>[&#8230;]<\/a><\/p>\n","protected":false},"author":1,"featured_media":3364,"comment_status":"open","ping_status":"open","sticky":false,"template":"","format":"standard","meta":{"footnotes":""},"categories":[1],"tags":[],"class_list":["post-3363","post","type-post","status-publish","format-standard","has-post-thumbnail","hentry","category-noticias"],"_links":{"self":[{"href":"https:\/\/www.santaana.gob.ar\/home\/wp-json\/wp\/v2\/posts\/3363","targetHints":{"allow":["GET"]}}],"collection":[{"href":"https:\/\/www.santaana.gob.ar\/home\/wp-json\/wp\/v2\/posts"}],"about":[{"href":"https:\/\/www.santaana.gob.ar\/home\/wp-json\/wp\/v2\/types\/post"}],"author":[{"embeddable":true,"href":"https:\/\/www.santaana.gob.ar\/home\/wp-json\/wp\/v2\/users\/1"}],"replies":[{"embeddable":true,"href":"https:\/\/www.santaana.gob.ar\/home\/wp-json\/wp\/v2\/comments?post=3363"}],"version-history":[{"count":1,"href":"https:\/\/www.santaana.gob.ar\/home\/wp-json\/wp\/v2\/posts\/3363\/revisions"}],"predecessor-version":[{"id":3365,"href":"https:\/\/www.santaana.gob.ar\/home\/wp-json\/wp\/v2\/posts\/3363\/revisions\/3365"}],"wp:featuredmedia":[{"embeddable":true,"href":"https:\/\/www.santaana.gob.ar\/home\/wp-json\/wp\/v2\/media\/3364"}],"wp:attachment":[{"href":"https:\/\/www.santaana.gob.ar\/home\/wp-json\/wp\/v2\/media?parent=3363"}],"wp:term":[{"taxonomy":"category","embeddable":true,"href":"https:\/\/www.santaana.gob.ar\/home\/wp-json\/wp\/v2\/categories?post=3363"},{"taxonomy":"post_tag","embeddable":true,"href":"https:\/\/www.santaana.gob.ar\/home\/wp-json\/wp\/v2\/tags?post=3363"}],"curies":[{"name":"wp","href":"https:\/\/api.w.org\/{rel}","templated":true}]}}