{"id":3360,"date":"2023-06-16T18:18:41","date_gmt":"2023-06-16T18:18:41","guid":{"rendered":"http:\/\/www.santaana.gob.ar\/home\/?p=3360"},"modified":"2023-06-16T18:18:41","modified_gmt":"2023-06-16T18:18:41","slug":"taller-sobre-turismo-receptivo-local","status":"publish","type":"post","link":"https:\/\/www.santaana.gob.ar\/home\/2023\/06\/16\/taller-sobre-turismo-receptivo-local\/","title":{"rendered":"TALLER SOBRE TURISMO RECEPTIVO LOCAL"},"content":{"rendered":"<p>El mismo, dictado por la Lic. Marina Panziera del equipo de turismo de la CAFESG, se enmarca en el Programa \u00abFortalecimiento del Turismo en los Gobiernos Locales 2023\u00bb y se llevar\u00e1 a cabo el d\u00eda lunes 26 de junio en el edificio del NIDO de nuestra ciudad.<br \/>\n\u25aa El objetivo del taller es consolidar un espacio de encuentro que permita potenciar la articulaci\u00f3n y el desarrollo del turismo receptivo, como as\u00ed tambi\u00e9n conocer los beneficios del desarrollo del turismo local, en el marco del inicio de las obras de Termas.<br \/>\n\u25aa La capacitaci\u00f3n est\u00e1 destinada a aquellas personas que sean gu\u00edas, emprendedores y prestadores de servicios tur\u00edsticos como as\u00ed tambi\u00e9n para aquellos vecinos que est\u00e9n interesados en trabajar en esta nueva modalidad.<br \/>\n\u25aa La duraci\u00f3n del taller ser\u00e1 de dos horas y media, y se podr\u00e1 optar por cursar en cualquiera de sus dos turnos, uno que se dictar\u00e1 por la ma\u00f1ana de 8 a 10.30 horas, y el otro que se dictar\u00e1 por la tarde de 14 a 16.30 horas.<br \/>\n\u2139 Por mayor informaci\u00f3n e inscripciones podes comunicarte con la Direcci\u00f3n de Cultura y turismo de 7 a 13 horas.<\/p>\n","protected":false},"excerpt":{"rendered":"<p>El mismo, dictado por la Lic. Marina Panziera del equipo de turismo de la CAFESG, se enmarca en el Programa \u00abFortalecimiento del Turismo en los Gobiernos Locales 2023\u00bb y se llevar\u00e1 a cabo el d\u00eda lunes 26 de junio en el edificio del NIDO de nuestra ciudad. \u25aa El objetivo del taller es consolidar un<a class=\"moretag\" href=\"https:\/\/www.santaana.gob.ar\/home\/2023\/06\/16\/taller-sobre-turismo-receptivo-local\/\"><span class=\"screen-reader-text\">Leer m\u00e1s sobre TALLER SOBRE TURISMO RECEPTIVO LOCAL<\/span>[&#8230;]<\/a><\/p>\n","protected":false},"author":1,"featured_media":3361,"comment_status":"open","ping_status":"open","sticky":false,"template":"","format":"standard","meta":{"footnotes":""},"categories":[1],"tags":[],"class_list":["post-3360","post","type-post","status-publish","format-standard","has-post-thumbnail","hentry","category-noticias"],"_links":{"self":[{"href":"https:\/\/www.santaana.gob.ar\/home\/wp-json\/wp\/v2\/posts\/3360","targetHints":{"allow":["GET"]}}],"collection":[{"href":"https:\/\/www.santaana.gob.ar\/home\/wp-json\/wp\/v2\/posts"}],"about":[{"href":"https:\/\/www.santaana.gob.ar\/home\/wp-json\/wp\/v2\/types\/post"}],"author":[{"embeddable":true,"href":"https:\/\/www.santaana.gob.ar\/home\/wp-json\/wp\/v2\/users\/1"}],"replies":[{"embeddable":true,"href":"https:\/\/www.santaana.gob.ar\/home\/wp-json\/wp\/v2\/comments?post=3360"}],"version-history":[{"count":1,"href":"https:\/\/www.santaana.gob.ar\/home\/wp-json\/wp\/v2\/posts\/3360\/revisions"}],"predecessor-version":[{"id":3362,"href":"https:\/\/www.santaana.gob.ar\/home\/wp-json\/wp\/v2\/posts\/3360\/revisions\/3362"}],"wp:featuredmedia":[{"embeddable":true,"href":"https:\/\/www.santaana.gob.ar\/home\/wp-json\/wp\/v2\/media\/3361"}],"wp:attachment":[{"href":"https:\/\/www.santaana.gob.ar\/home\/wp-json\/wp\/v2\/media?parent=3360"}],"wp:term":[{"taxonomy":"category","embeddable":true,"href":"https:\/\/www.santaana.gob.ar\/home\/wp-json\/wp\/v2\/categories?post=3360"},{"taxonomy":"post_tag","embeddable":true,"href":"https:\/\/www.santaana.gob.ar\/home\/wp-json\/wp\/v2\/tags?post=3360"}],"curies":[{"name":"wp","href":"https:\/\/api.w.org\/{rel}","templated":true}]}}