{"id":3349,"date":"2023-06-09T14:53:57","date_gmt":"2023-06-09T14:53:57","guid":{"rendered":"http:\/\/www.santaana.gob.ar\/home\/?p=3349"},"modified":"2023-06-09T14:53:57","modified_gmt":"2023-06-09T14:53:57","slug":"los-chicos-bailaron-zumba","status":"publish","type":"post","link":"https:\/\/www.santaana.gob.ar\/home\/2023\/06\/09\/los-chicos-bailaron-zumba\/","title":{"rendered":"\u00a1LOS CHICOS BAILARON ZUMBA!"},"content":{"rendered":"<p>Alumnos de la Escuela N\u00b010 \u00abCheroga Mokoi\u00bb de Colonia Ensanche compartieron una clase de zumba a cargo de la Profesora Carla Acosta. La actividad se llev\u00f3 en el marco del Proyecto \u00abEstilo Saludable\u00bb que pertenece al Programa J\u00f3venes Protagonistas.<br \/>\n\u2139 Este Programa se viene desarrollando desde al a\u00f1o pasado con los alumnos de 1\u00b0 a 6\u00b0 a\u00f1o de dicho establecimiento y abarca actividades deportivas, recreativas y charlas sobre algunas tem\u00e1ticas como el bullying y adicciones, a cargo de diferentes especialistas.<br \/>\n\u25aa El espacio es coordinado por el \u00c1rea NAF de Santa Ana a cargo del Profesor Agust\u00edn Barrios, y la Municipalidad, desde el \u00c1rea de Acci\u00f3n Social, acompa\u00f1a junto a la Directora de la Escuela Norma Haffner. Adem\u00e1s al realizarse en horario extra escolare, la muni les otorta la vianda a los chicos.<br \/>\n\ud83d\ude4c Orgullosos de poder acompa\u00f1ar y colaborar con este tipo de iniciativas, donde se genera un espacio fundamental de intercambio con los adolescentes. \u00a1Felicitaciones para todo el equipo!<\/p>\n","protected":false},"excerpt":{"rendered":"<p>Alumnos de la Escuela N\u00b010 \u00abCheroga Mokoi\u00bb de Colonia Ensanche compartieron una clase de zumba a cargo de la Profesora Carla Acosta. La actividad se llev\u00f3 en el marco del Proyecto \u00abEstilo Saludable\u00bb que pertenece al Programa J\u00f3venes Protagonistas. \u2139 Este Programa se viene desarrollando desde al a\u00f1o pasado con los alumnos de 1\u00b0 a<a class=\"moretag\" href=\"https:\/\/www.santaana.gob.ar\/home\/2023\/06\/09\/los-chicos-bailaron-zumba\/\"><span class=\"screen-reader-text\">Leer m\u00e1s sobre \u00a1LOS CHICOS BAILARON ZUMBA!<\/span>[&#8230;]<\/a><\/p>\n","protected":false},"author":1,"featured_media":3350,"comment_status":"open","ping_status":"open","sticky":false,"template":"","format":"standard","meta":{"footnotes":""},"categories":[1],"tags":[],"class_list":["post-3349","post","type-post","status-publish","format-standard","has-post-thumbnail","hentry","category-noticias"],"_links":{"self":[{"href":"https:\/\/www.santaana.gob.ar\/home\/wp-json\/wp\/v2\/posts\/3349","targetHints":{"allow":["GET"]}}],"collection":[{"href":"https:\/\/www.santaana.gob.ar\/home\/wp-json\/wp\/v2\/posts"}],"about":[{"href":"https:\/\/www.santaana.gob.ar\/home\/wp-json\/wp\/v2\/types\/post"}],"author":[{"embeddable":true,"href":"https:\/\/www.santaana.gob.ar\/home\/wp-json\/wp\/v2\/users\/1"}],"replies":[{"embeddable":true,"href":"https:\/\/www.santaana.gob.ar\/home\/wp-json\/wp\/v2\/comments?post=3349"}],"version-history":[{"count":1,"href":"https:\/\/www.santaana.gob.ar\/home\/wp-json\/wp\/v2\/posts\/3349\/revisions"}],"predecessor-version":[{"id":3351,"href":"https:\/\/www.santaana.gob.ar\/home\/wp-json\/wp\/v2\/posts\/3349\/revisions\/3351"}],"wp:featuredmedia":[{"embeddable":true,"href":"https:\/\/www.santaana.gob.ar\/home\/wp-json\/wp\/v2\/media\/3350"}],"wp:attachment":[{"href":"https:\/\/www.santaana.gob.ar\/home\/wp-json\/wp\/v2\/media?parent=3349"}],"wp:term":[{"taxonomy":"category","embeddable":true,"href":"https:\/\/www.santaana.gob.ar\/home\/wp-json\/wp\/v2\/categories?post=3349"},{"taxonomy":"post_tag","embeddable":true,"href":"https:\/\/www.santaana.gob.ar\/home\/wp-json\/wp\/v2\/tags?post=3349"}],"curies":[{"name":"wp","href":"https:\/\/api.w.org\/{rel}","templated":true}]}}