{"id":5372,"date":"2026-04-29T20:49:06","date_gmt":"2026-04-29T20:49:06","guid":{"rendered":"https:\/\/www.santaana.gob.ar\/home\/?p=5372"},"modified":"2026-04-29T20:49:06","modified_gmt":"2026-04-29T20:49:06","slug":"taller-de-piano","status":"publish","type":"post","link":"http:\/\/www.santaana.gob.ar\/home\/2026\/04\/29\/taller-de-piano\/","title":{"rendered":"TALLER DE PIANO"},"content":{"rendered":"<p>\u00bfTe gustar\u00eda aprender a tocar el piano? \u00a1Entonces este taller es para vos! El mismo se dictar\u00e1 los lunes de 18 a 20 horas en el NIDO y estar\u00e1 a cargo del profesor Nicol\u00e1s Viatri.<br \/>\nYa pod\u00e9s inscribirte en la Direcci\u00f3n de Turismo y Cultura de la Muni, de 7 a 13 horas.<\/p>\n","protected":false},"excerpt":{"rendered":"<p>\u00bfTe gustar\u00eda aprender a tocar el piano? \u00a1Entonces este taller es para vos! El mismo se dictar\u00e1 los lunes de 18 a 20 horas en el NIDO y estar\u00e1 a cargo del profesor Nicol\u00e1s Viatri. Ya pod\u00e9s inscribirte en la Direcci\u00f3n de Turismo y Cultura de la Muni, de 7 a 13 horas.<\/p>\n","protected":false},"author":1,"featured_media":5373,"comment_status":"open","ping_status":"open","sticky":false,"template":"","format":"standard","meta":{"footnotes":""},"categories":[1],"tags":[],"class_list":["post-5372","post","type-post","status-publish","format-standard","has-post-thumbnail","hentry","category-noticias"],"_links":{"self":[{"href":"http:\/\/www.santaana.gob.ar\/home\/wp-json\/wp\/v2\/posts\/5372","targetHints":{"allow":["GET"]}}],"collection":[{"href":"http:\/\/www.santaana.gob.ar\/home\/wp-json\/wp\/v2\/posts"}],"about":[{"href":"http:\/\/www.santaana.gob.ar\/home\/wp-json\/wp\/v2\/types\/post"}],"author":[{"embeddable":true,"href":"http:\/\/www.santaana.gob.ar\/home\/wp-json\/wp\/v2\/users\/1"}],"replies":[{"embeddable":true,"href":"http:\/\/www.santaana.gob.ar\/home\/wp-json\/wp\/v2\/comments?post=5372"}],"version-history":[{"count":1,"href":"http:\/\/www.santaana.gob.ar\/home\/wp-json\/wp\/v2\/posts\/5372\/revisions"}],"predecessor-version":[{"id":5374,"href":"http:\/\/www.santaana.gob.ar\/home\/wp-json\/wp\/v2\/posts\/5372\/revisions\/5374"}],"wp:featuredmedia":[{"embeddable":true,"href":"http:\/\/www.santaana.gob.ar\/home\/wp-json\/wp\/v2\/media\/5373"}],"wp:attachment":[{"href":"http:\/\/www.santaana.gob.ar\/home\/wp-json\/wp\/v2\/media?parent=5372"}],"wp:term":[{"taxonomy":"category","embeddable":true,"href":"http:\/\/www.santaana.gob.ar\/home\/wp-json\/wp\/v2\/categories?post=5372"},{"taxonomy":"post_tag","embeddable":true,"href":"http:\/\/www.santaana.gob.ar\/home\/wp-json\/wp\/v2\/tags?post=5372"}],"curies":[{"name":"wp","href":"https:\/\/api.w.org\/{rel}","templated":true}]}}