{"id":5369,"date":"2026-04-29T20:47:01","date_gmt":"2026-04-29T20:47:01","guid":{"rendered":"https:\/\/www.santaana.gob.ar\/home\/?p=5369"},"modified":"2026-04-29T20:47:01","modified_gmt":"2026-04-29T20:47:01","slug":"clases-de-ajedrez","status":"publish","type":"post","link":"http:\/\/www.santaana.gob.ar\/home\/2026\/04\/29\/clases-de-ajedrez\/","title":{"rendered":"CLASES DE AJEDREZ"},"content":{"rendered":"<p>\u00bfQUER\u00c9S SUMARTE A LAS CLASES DE AJEDREZ?<br \/>\n\ud83d\udc49 El taller lo dicta el profesor Nicol\u00e1s Viatri y se va a dictar los d\u00edas lunes de 17 a 18 horas en las instalaciones del NIDO.<br \/>\n\ud83d\udcaa Todav\u00eda est\u00e1s a tiempo de inscribirte, acercate a la Direcci\u00f3n de Turismo y Cultura de la Muni, de 7 a 13 horas.<\/p>\n","protected":false},"excerpt":{"rendered":"<p>\u00bfQUER\u00c9S SUMARTE A LAS CLASES DE AJEDREZ? \ud83d\udc49 El taller lo dicta el profesor Nicol\u00e1s Viatri y se va a dictar los d\u00edas lunes de 17 a 18 horas en las instalaciones del NIDO. \ud83d\udcaa Todav\u00eda est\u00e1s a tiempo de inscribirte, acercate a la Direcci\u00f3n de Turismo y Cultura de la Muni, de 7 a<a class=\"moretag\" href=\"http:\/\/www.santaana.gob.ar\/home\/2026\/04\/29\/clases-de-ajedrez\/\"><span class=\"screen-reader-text\">Leer m\u00e1s sobre CLASES DE AJEDREZ<\/span>[&#8230;]<\/a><\/p>\n","protected":false},"author":1,"featured_media":5370,"comment_status":"open","ping_status":"open","sticky":false,"template":"","format":"standard","meta":{"footnotes":""},"categories":[1],"tags":[],"class_list":["post-5369","post","type-post","status-publish","format-standard","has-post-thumbnail","hentry","category-noticias"],"_links":{"self":[{"href":"http:\/\/www.santaana.gob.ar\/home\/wp-json\/wp\/v2\/posts\/5369","targetHints":{"allow":["GET"]}}],"collection":[{"href":"http:\/\/www.santaana.gob.ar\/home\/wp-json\/wp\/v2\/posts"}],"about":[{"href":"http:\/\/www.santaana.gob.ar\/home\/wp-json\/wp\/v2\/types\/post"}],"author":[{"embeddable":true,"href":"http:\/\/www.santaana.gob.ar\/home\/wp-json\/wp\/v2\/users\/1"}],"replies":[{"embeddable":true,"href":"http:\/\/www.santaana.gob.ar\/home\/wp-json\/wp\/v2\/comments?post=5369"}],"version-history":[{"count":1,"href":"http:\/\/www.santaana.gob.ar\/home\/wp-json\/wp\/v2\/posts\/5369\/revisions"}],"predecessor-version":[{"id":5371,"href":"http:\/\/www.santaana.gob.ar\/home\/wp-json\/wp\/v2\/posts\/5369\/revisions\/5371"}],"wp:featuredmedia":[{"embeddable":true,"href":"http:\/\/www.santaana.gob.ar\/home\/wp-json\/wp\/v2\/media\/5370"}],"wp:attachment":[{"href":"http:\/\/www.santaana.gob.ar\/home\/wp-json\/wp\/v2\/media?parent=5369"}],"wp:term":[{"taxonomy":"category","embeddable":true,"href":"http:\/\/www.santaana.gob.ar\/home\/wp-json\/wp\/v2\/categories?post=5369"},{"taxonomy":"post_tag","embeddable":true,"href":"http:\/\/www.santaana.gob.ar\/home\/wp-json\/wp\/v2\/tags?post=5369"}],"curies":[{"name":"wp","href":"https:\/\/api.w.org\/{rel}","templated":true}]}}