{"id":5365,"date":"2026-04-28T13:53:18","date_gmt":"2026-04-28T13:53:18","guid":{"rendered":"https:\/\/www.santaana.gob.ar\/home\/?p=5365"},"modified":"2026-04-28T13:53:18","modified_gmt":"2026-04-28T13:53:18","slug":"vacunacion-antirrabica-6","status":"publish","type":"post","link":"http:\/\/www.santaana.gob.ar\/home\/2026\/04\/28\/vacunacion-antirrabica-6\/","title":{"rendered":"VACUNACI\u00d3N ANTIRR\u00c1BICA"},"content":{"rendered":"<p>La Municipalidad de Santa Ana informa que el s\u00e1bado 16 de mayo, se llevar\u00e1 a cabo una jornada de vacunaci\u00f3n antirr\u00e1bica para perros y gatos. Ser\u00e1 de 14 a 17 horas en las instalaciones del NIDO:<br \/>\nPor inscripciones dirigirse a las oficinas de Acci\u00f3n Social, de lunes a viernes de 7 a 13 horas.<\/p>\n","protected":false},"excerpt":{"rendered":"<p>La Municipalidad de Santa Ana informa que el s\u00e1bado 16 de mayo, se llevar\u00e1 a cabo una jornada de vacunaci\u00f3n antirr\u00e1bica para perros y gatos. Ser\u00e1 de 14 a 17 horas en las instalaciones del NIDO: Por inscripciones dirigirse a las oficinas de Acci\u00f3n Social, de lunes a viernes de 7 a 13 horas.<\/p>\n","protected":false},"author":1,"featured_media":5366,"comment_status":"open","ping_status":"open","sticky":false,"template":"","format":"standard","meta":{"footnotes":""},"categories":[1],"tags":[],"class_list":["post-5365","post","type-post","status-publish","format-standard","has-post-thumbnail","hentry","category-noticias"],"_links":{"self":[{"href":"http:\/\/www.santaana.gob.ar\/home\/wp-json\/wp\/v2\/posts\/5365","targetHints":{"allow":["GET"]}}],"collection":[{"href":"http:\/\/www.santaana.gob.ar\/home\/wp-json\/wp\/v2\/posts"}],"about":[{"href":"http:\/\/www.santaana.gob.ar\/home\/wp-json\/wp\/v2\/types\/post"}],"author":[{"embeddable":true,"href":"http:\/\/www.santaana.gob.ar\/home\/wp-json\/wp\/v2\/users\/1"}],"replies":[{"embeddable":true,"href":"http:\/\/www.santaana.gob.ar\/home\/wp-json\/wp\/v2\/comments?post=5365"}],"version-history":[{"count":1,"href":"http:\/\/www.santaana.gob.ar\/home\/wp-json\/wp\/v2\/posts\/5365\/revisions"}],"predecessor-version":[{"id":5367,"href":"http:\/\/www.santaana.gob.ar\/home\/wp-json\/wp\/v2\/posts\/5365\/revisions\/5367"}],"wp:featuredmedia":[{"embeddable":true,"href":"http:\/\/www.santaana.gob.ar\/home\/wp-json\/wp\/v2\/media\/5366"}],"wp:attachment":[{"href":"http:\/\/www.santaana.gob.ar\/home\/wp-json\/wp\/v2\/media?parent=5365"}],"wp:term":[{"taxonomy":"category","embeddable":true,"href":"http:\/\/www.santaana.gob.ar\/home\/wp-json\/wp\/v2\/categories?post=5365"},{"taxonomy":"post_tag","embeddable":true,"href":"http:\/\/www.santaana.gob.ar\/home\/wp-json\/wp\/v2\/tags?post=5365"}],"curies":[{"name":"wp","href":"https:\/\/api.w.org\/{rel}","templated":true}]}}