{"id":5362,"date":"2026-04-24T19:42:13","date_gmt":"2026-04-24T19:42:13","guid":{"rendered":"https:\/\/www.santaana.gob.ar\/home\/?p=5362"},"modified":"2026-04-24T19:42:13","modified_gmt":"2026-04-24T19:42:13","slug":"santa-ana-se-promociona","status":"publish","type":"post","link":"http:\/\/www.santaana.gob.ar\/home\/2026\/04\/24\/santa-ana-se-promociona\/","title":{"rendered":"SANTA ANA SE PROMOCIONA"},"content":{"rendered":"<p>La Viceintendenta Laura Cracco y el Director de Cultura y Turismo Luis Vago recibieron a diferentes medios de prensa del pa\u00eds y de la Rep\u00fablica del Uruguay.<br \/>\nLa visita fue en el marco de la promoci\u00f3n tur\u00edstica de la Fundaci\u00f3n Paralelo Tur\u00edstico y de la entrega de distinciones del Premio Binacional R\u00edo de los P\u00e1jaros.<br \/>\nJuntos realizaron un city tour guiado recorriendo el sector termal, la costanera, la Capilla, el museo, monumentos hist\u00f3ricos, playa y camping municipal.<br \/>\nAdem\u00e1s fueron agasajados con un desayuno en las instalaciones del NIDO.<\/p>\n","protected":false},"excerpt":{"rendered":"<p>La Viceintendenta Laura Cracco y el Director de Cultura y Turismo Luis Vago recibieron a diferentes medios de prensa del pa\u00eds y de la Rep\u00fablica del Uruguay. La visita fue en el marco de la promoci\u00f3n tur\u00edstica de la Fundaci\u00f3n Paralelo Tur\u00edstico y de la entrega de distinciones del Premio Binacional R\u00edo de los P\u00e1jaros.<a class=\"moretag\" href=\"http:\/\/www.santaana.gob.ar\/home\/2026\/04\/24\/santa-ana-se-promociona\/\"><span class=\"screen-reader-text\">Leer m\u00e1s sobre SANTA ANA SE PROMOCIONA<\/span>[&#8230;]<\/a><\/p>\n","protected":false},"author":1,"featured_media":5363,"comment_status":"open","ping_status":"open","sticky":false,"template":"","format":"standard","meta":{"footnotes":""},"categories":[1],"tags":[],"class_list":["post-5362","post","type-post","status-publish","format-standard","has-post-thumbnail","hentry","category-noticias"],"_links":{"self":[{"href":"http:\/\/www.santaana.gob.ar\/home\/wp-json\/wp\/v2\/posts\/5362","targetHints":{"allow":["GET"]}}],"collection":[{"href":"http:\/\/www.santaana.gob.ar\/home\/wp-json\/wp\/v2\/posts"}],"about":[{"href":"http:\/\/www.santaana.gob.ar\/home\/wp-json\/wp\/v2\/types\/post"}],"author":[{"embeddable":true,"href":"http:\/\/www.santaana.gob.ar\/home\/wp-json\/wp\/v2\/users\/1"}],"replies":[{"embeddable":true,"href":"http:\/\/www.santaana.gob.ar\/home\/wp-json\/wp\/v2\/comments?post=5362"}],"version-history":[{"count":1,"href":"http:\/\/www.santaana.gob.ar\/home\/wp-json\/wp\/v2\/posts\/5362\/revisions"}],"predecessor-version":[{"id":5364,"href":"http:\/\/www.santaana.gob.ar\/home\/wp-json\/wp\/v2\/posts\/5362\/revisions\/5364"}],"wp:featuredmedia":[{"embeddable":true,"href":"http:\/\/www.santaana.gob.ar\/home\/wp-json\/wp\/v2\/media\/5363"}],"wp:attachment":[{"href":"http:\/\/www.santaana.gob.ar\/home\/wp-json\/wp\/v2\/media?parent=5362"}],"wp:term":[{"taxonomy":"category","embeddable":true,"href":"http:\/\/www.santaana.gob.ar\/home\/wp-json\/wp\/v2\/categories?post=5362"},{"taxonomy":"post_tag","embeddable":true,"href":"http:\/\/www.santaana.gob.ar\/home\/wp-json\/wp\/v2\/tags?post=5362"}],"curies":[{"name":"wp","href":"https:\/\/api.w.org\/{rel}","templated":true}]}}