{"id":5352,"date":"2026-04-17T13:28:01","date_gmt":"2026-04-17T13:28:01","guid":{"rendered":"https:\/\/www.santaana.gob.ar\/home\/?p=5352"},"modified":"2026-04-17T13:28:01","modified_gmt":"2026-04-17T13:28:01","slug":"talleres-de-costura-y-manualidades","status":"publish","type":"post","link":"http:\/\/www.santaana.gob.ar\/home\/2026\/04\/17\/talleres-de-costura-y-manualidades\/","title":{"rendered":"TALLERES DE COSTURA Y MANUALIDADES"},"content":{"rendered":"<p>TALLERES DE COSTURA Y MANUALIDADES<br \/>\n\u00a1A partir del lunes 20 ya pod\u00e9s inscribirte! Acercate al NIDO de 7 a 13 horas, o bien comunicate al 3456 439065.<br \/>\n\u25aa Las clases ser\u00e1n los lunes de 14.30 a 16 horas y estar\u00e1n a cargo de Lucrecia Croattini y Emilce Pe\u00f1a. Los cupos son limitados y son para mayores de 16 a\u00f1os.<\/p>\n","protected":false},"excerpt":{"rendered":"<p>TALLERES DE COSTURA Y MANUALIDADES \u00a1A partir del lunes 20 ya pod\u00e9s inscribirte! Acercate al NIDO de 7 a 13 horas, o bien comunicate al 3456 439065. \u25aa Las clases ser\u00e1n los lunes de 14.30 a 16 horas y estar\u00e1n a cargo de Lucrecia Croattini y Emilce Pe\u00f1a. Los cupos son limitados y son para<a class=\"moretag\" href=\"http:\/\/www.santaana.gob.ar\/home\/2026\/04\/17\/talleres-de-costura-y-manualidades\/\"><span class=\"screen-reader-text\">Leer m\u00e1s sobre TALLERES DE COSTURA Y MANUALIDADES<\/span>[&#8230;]<\/a><\/p>\n","protected":false},"author":1,"featured_media":5353,"comment_status":"open","ping_status":"open","sticky":false,"template":"","format":"standard","meta":{"footnotes":""},"categories":[1],"tags":[],"class_list":["post-5352","post","type-post","status-publish","format-standard","has-post-thumbnail","hentry","category-noticias"],"_links":{"self":[{"href":"http:\/\/www.santaana.gob.ar\/home\/wp-json\/wp\/v2\/posts\/5352","targetHints":{"allow":["GET"]}}],"collection":[{"href":"http:\/\/www.santaana.gob.ar\/home\/wp-json\/wp\/v2\/posts"}],"about":[{"href":"http:\/\/www.santaana.gob.ar\/home\/wp-json\/wp\/v2\/types\/post"}],"author":[{"embeddable":true,"href":"http:\/\/www.santaana.gob.ar\/home\/wp-json\/wp\/v2\/users\/1"}],"replies":[{"embeddable":true,"href":"http:\/\/www.santaana.gob.ar\/home\/wp-json\/wp\/v2\/comments?post=5352"}],"version-history":[{"count":1,"href":"http:\/\/www.santaana.gob.ar\/home\/wp-json\/wp\/v2\/posts\/5352\/revisions"}],"predecessor-version":[{"id":5354,"href":"http:\/\/www.santaana.gob.ar\/home\/wp-json\/wp\/v2\/posts\/5352\/revisions\/5354"}],"wp:featuredmedia":[{"embeddable":true,"href":"http:\/\/www.santaana.gob.ar\/home\/wp-json\/wp\/v2\/media\/5353"}],"wp:attachment":[{"href":"http:\/\/www.santaana.gob.ar\/home\/wp-json\/wp\/v2\/media?parent=5352"}],"wp:term":[{"taxonomy":"category","embeddable":true,"href":"http:\/\/www.santaana.gob.ar\/home\/wp-json\/wp\/v2\/categories?post=5352"},{"taxonomy":"post_tag","embeddable":true,"href":"http:\/\/www.santaana.gob.ar\/home\/wp-json\/wp\/v2\/tags?post=5352"}],"curies":[{"name":"wp","href":"https:\/\/api.w.org\/{rel}","templated":true}]}}