{"id":5343,"date":"2026-04-10T10:25:28","date_gmt":"2026-04-10T10:25:28","guid":{"rendered":"https:\/\/www.santaana.gob.ar\/home\/?p=5343"},"modified":"2026-04-10T10:25:28","modified_gmt":"2026-04-10T10:25:28","slug":"hablemos-de-infancias","status":"publish","type":"post","link":"http:\/\/www.santaana.gob.ar\/home\/2026\/04\/10\/hablemos-de-infancias\/","title":{"rendered":"HABLEMOS DE INFANCIAS"},"content":{"rendered":"<p>Este jueves 09 de abril, en las instalaciones del NIDO, el Lic. Emanuel D\u00edaz Baich brind\u00f3 la charla \u201cNi\u00f1os Terribles\u201d, una mirada a las ni\u00f1eces actuales y c\u00f3mo afrontarlas.<br \/>\n\ud83d\udcf8 Compartimos algunas im\u00e1genes de este espacio de reflexi\u00f3n donde se trataron temas como conductas,  emociones y l\u00edmites.<br \/>\n\ud83d\ude4c La actividad fue organizada por el \u00c1rea NAF y Mujer. \u00a1Gracias a todos por sumarse!<\/p>\n","protected":false},"excerpt":{"rendered":"<p>Este jueves 09 de abril, en las instalaciones del NIDO, el Lic. Emanuel D\u00edaz Baich brind\u00f3 la charla \u201cNi\u00f1os Terribles\u201d, una mirada a las ni\u00f1eces actuales y c\u00f3mo afrontarlas. \ud83d\udcf8 Compartimos algunas im\u00e1genes de este espacio de reflexi\u00f3n donde se trataron temas como conductas, emociones y l\u00edmites. \ud83d\ude4c La actividad fue organizada por el \u00c1rea<a class=\"moretag\" href=\"http:\/\/www.santaana.gob.ar\/home\/2026\/04\/10\/hablemos-de-infancias\/\"><span class=\"screen-reader-text\">Leer m\u00e1s sobre HABLEMOS DE INFANCIAS<\/span>[&#8230;]<\/a><\/p>\n","protected":false},"author":1,"featured_media":5344,"comment_status":"open","ping_status":"open","sticky":false,"template":"","format":"standard","meta":{"footnotes":""},"categories":[1],"tags":[],"class_list":["post-5343","post","type-post","status-publish","format-standard","has-post-thumbnail","hentry","category-noticias"],"_links":{"self":[{"href":"http:\/\/www.santaana.gob.ar\/home\/wp-json\/wp\/v2\/posts\/5343","targetHints":{"allow":["GET"]}}],"collection":[{"href":"http:\/\/www.santaana.gob.ar\/home\/wp-json\/wp\/v2\/posts"}],"about":[{"href":"http:\/\/www.santaana.gob.ar\/home\/wp-json\/wp\/v2\/types\/post"}],"author":[{"embeddable":true,"href":"http:\/\/www.santaana.gob.ar\/home\/wp-json\/wp\/v2\/users\/1"}],"replies":[{"embeddable":true,"href":"http:\/\/www.santaana.gob.ar\/home\/wp-json\/wp\/v2\/comments?post=5343"}],"version-history":[{"count":1,"href":"http:\/\/www.santaana.gob.ar\/home\/wp-json\/wp\/v2\/posts\/5343\/revisions"}],"predecessor-version":[{"id":5345,"href":"http:\/\/www.santaana.gob.ar\/home\/wp-json\/wp\/v2\/posts\/5343\/revisions\/5345"}],"wp:featuredmedia":[{"embeddable":true,"href":"http:\/\/www.santaana.gob.ar\/home\/wp-json\/wp\/v2\/media\/5344"}],"wp:attachment":[{"href":"http:\/\/www.santaana.gob.ar\/home\/wp-json\/wp\/v2\/media?parent=5343"}],"wp:term":[{"taxonomy":"category","embeddable":true,"href":"http:\/\/www.santaana.gob.ar\/home\/wp-json\/wp\/v2\/categories?post=5343"},{"taxonomy":"post_tag","embeddable":true,"href":"http:\/\/www.santaana.gob.ar\/home\/wp-json\/wp\/v2\/tags?post=5343"}],"curies":[{"name":"wp","href":"https:\/\/api.w.org\/{rel}","templated":true}]}}