{"id":5340,"date":"2026-04-08T21:31:35","date_gmt":"2026-04-08T21:31:35","guid":{"rendered":"https:\/\/www.santaana.gob.ar\/home\/?p=5340"},"modified":"2026-04-08T21:31:35","modified_gmt":"2026-04-08T21:31:35","slug":"conversatorio-ninos-terribles","status":"publish","type":"post","link":"http:\/\/www.santaana.gob.ar\/home\/2026\/04\/08\/conversatorio-ninos-terribles\/","title":{"rendered":"CONVERSATORIO \u00abNI\u00d1OS TERRIBLES\u00bb"},"content":{"rendered":"<p>CONVERSATORIO \u00abNI\u00d1OS TERRIBLES\u00bb<br \/>\n\u25aa\ufe0f La Municipalidad de Santa Ana invita a participar de este espacio de reflexi\u00f3n a cargo del Lic. Emanuel D\u00edaz Baich destinado a familias, docentes y profesionales.<br \/>\n\ud83d\udc49 El encuentro, organizado por el \u00c1rea NAF y Mujer Santa Ana, se llevar\u00e1 a cabo ma\u00f1ana jueves 9 de abril, a las 9 horas, en las instalaciones del NIDO. Es libre y gratuito.<\/p>\n","protected":false},"excerpt":{"rendered":"<p>CONVERSATORIO \u00abNI\u00d1OS TERRIBLES\u00bb \u25aa\ufe0f La Municipalidad de Santa Ana invita a participar de este espacio de reflexi\u00f3n a cargo del Lic. Emanuel D\u00edaz Baich destinado a familias, docentes y profesionales. \ud83d\udc49 El encuentro, organizado por el \u00c1rea NAF y Mujer Santa Ana, se llevar\u00e1 a cabo ma\u00f1ana jueves 9 de abril, a las 9 horas,<a class=\"moretag\" href=\"http:\/\/www.santaana.gob.ar\/home\/2026\/04\/08\/conversatorio-ninos-terribles\/\"><span class=\"screen-reader-text\">Leer m\u00e1s sobre CONVERSATORIO \u00abNI\u00d1OS TERRIBLES\u00bb<\/span>[&#8230;]<\/a><\/p>\n","protected":false},"author":1,"featured_media":5341,"comment_status":"open","ping_status":"open","sticky":false,"template":"","format":"standard","meta":{"footnotes":""},"categories":[1],"tags":[],"class_list":["post-5340","post","type-post","status-publish","format-standard","has-post-thumbnail","hentry","category-noticias"],"_links":{"self":[{"href":"http:\/\/www.santaana.gob.ar\/home\/wp-json\/wp\/v2\/posts\/5340","targetHints":{"allow":["GET"]}}],"collection":[{"href":"http:\/\/www.santaana.gob.ar\/home\/wp-json\/wp\/v2\/posts"}],"about":[{"href":"http:\/\/www.santaana.gob.ar\/home\/wp-json\/wp\/v2\/types\/post"}],"author":[{"embeddable":true,"href":"http:\/\/www.santaana.gob.ar\/home\/wp-json\/wp\/v2\/users\/1"}],"replies":[{"embeddable":true,"href":"http:\/\/www.santaana.gob.ar\/home\/wp-json\/wp\/v2\/comments?post=5340"}],"version-history":[{"count":1,"href":"http:\/\/www.santaana.gob.ar\/home\/wp-json\/wp\/v2\/posts\/5340\/revisions"}],"predecessor-version":[{"id":5342,"href":"http:\/\/www.santaana.gob.ar\/home\/wp-json\/wp\/v2\/posts\/5340\/revisions\/5342"}],"wp:featuredmedia":[{"embeddable":true,"href":"http:\/\/www.santaana.gob.ar\/home\/wp-json\/wp\/v2\/media\/5341"}],"wp:attachment":[{"href":"http:\/\/www.santaana.gob.ar\/home\/wp-json\/wp\/v2\/media?parent=5340"}],"wp:term":[{"taxonomy":"category","embeddable":true,"href":"http:\/\/www.santaana.gob.ar\/home\/wp-json\/wp\/v2\/categories?post=5340"},{"taxonomy":"post_tag","embeddable":true,"href":"http:\/\/www.santaana.gob.ar\/home\/wp-json\/wp\/v2\/tags?post=5340"}],"curies":[{"name":"wp","href":"https:\/\/api.w.org\/{rel}","templated":true}]}}