{"id":5333,"date":"2026-04-02T11:33:15","date_gmt":"2026-04-02T11:33:15","guid":{"rendered":"https:\/\/www.santaana.gob.ar\/home\/?p=5333"},"modified":"2026-04-02T11:33:15","modified_gmt":"2026-04-02T11:33:15","slug":"incorporacion-nuevo-rordado","status":"publish","type":"post","link":"http:\/\/www.santaana.gob.ar\/home\/2026\/04\/02\/incorporacion-nuevo-rordado\/","title":{"rendered":"INCORPORACI\u00d3N NUEVO RORDADO"},"content":{"rendered":"<p>Este mi\u00e9rcoles 01 de abril recibimos un cami\u00f3n marca Dong Feng,  Captain W310, CS \u00ab0km\u00bb, el cual se incorpora al patrimonio municipal, para uso de la Direcci\u00f3n de Obras y Servicios P\u00fablicos.<br \/>\n\ud83d\ude4c Esta flamante adquisici\u00f3n se realiz\u00f3 sin costos para el municipio, en compensaci\u00f3n por la aprobaci\u00f3n de la subdivisi\u00f3n de suelo en el \u00e1rea borde de lago conforme a la Ordenanza N\u00b032\/2007 y su modificatoria Ordenanza N\u00b006\/2025 del HCD.<\/p>\n","protected":false},"excerpt":{"rendered":"<p>Este mi\u00e9rcoles 01 de abril recibimos un cami\u00f3n marca Dong Feng, Captain W310, CS \u00ab0km\u00bb, el cual se incorpora al patrimonio municipal, para uso de la Direcci\u00f3n de Obras y Servicios P\u00fablicos. \ud83d\ude4c Esta flamante adquisici\u00f3n se realiz\u00f3 sin costos para el municipio, en compensaci\u00f3n por la aprobaci\u00f3n de la subdivisi\u00f3n de suelo en el<a class=\"moretag\" href=\"http:\/\/www.santaana.gob.ar\/home\/2026\/04\/02\/incorporacion-nuevo-rordado\/\"><span class=\"screen-reader-text\">Leer m\u00e1s sobre INCORPORACI\u00d3N NUEVO RORDADO<\/span>[&#8230;]<\/a><\/p>\n","protected":false},"author":1,"featured_media":5334,"comment_status":"open","ping_status":"open","sticky":false,"template":"","format":"standard","meta":{"footnotes":""},"categories":[1],"tags":[],"class_list":["post-5333","post","type-post","status-publish","format-standard","has-post-thumbnail","hentry","category-noticias"],"_links":{"self":[{"href":"http:\/\/www.santaana.gob.ar\/home\/wp-json\/wp\/v2\/posts\/5333","targetHints":{"allow":["GET"]}}],"collection":[{"href":"http:\/\/www.santaana.gob.ar\/home\/wp-json\/wp\/v2\/posts"}],"about":[{"href":"http:\/\/www.santaana.gob.ar\/home\/wp-json\/wp\/v2\/types\/post"}],"author":[{"embeddable":true,"href":"http:\/\/www.santaana.gob.ar\/home\/wp-json\/wp\/v2\/users\/1"}],"replies":[{"embeddable":true,"href":"http:\/\/www.santaana.gob.ar\/home\/wp-json\/wp\/v2\/comments?post=5333"}],"version-history":[{"count":1,"href":"http:\/\/www.santaana.gob.ar\/home\/wp-json\/wp\/v2\/posts\/5333\/revisions"}],"predecessor-version":[{"id":5335,"href":"http:\/\/www.santaana.gob.ar\/home\/wp-json\/wp\/v2\/posts\/5333\/revisions\/5335"}],"wp:featuredmedia":[{"embeddable":true,"href":"http:\/\/www.santaana.gob.ar\/home\/wp-json\/wp\/v2\/media\/5334"}],"wp:attachment":[{"href":"http:\/\/www.santaana.gob.ar\/home\/wp-json\/wp\/v2\/media?parent=5333"}],"wp:term":[{"taxonomy":"category","embeddable":true,"href":"http:\/\/www.santaana.gob.ar\/home\/wp-json\/wp\/v2\/categories?post=5333"},{"taxonomy":"post_tag","embeddable":true,"href":"http:\/\/www.santaana.gob.ar\/home\/wp-json\/wp\/v2\/tags?post=5333"}],"curies":[{"name":"wp","href":"https:\/\/api.w.org\/{rel}","templated":true}]}}