{"id":374,"date":"2018-01-04T12:16:08","date_gmt":"2018-01-04T12:16:08","guid":{"rendered":"http:\/\/www.santaana.gob.ar\/home\/?p=374"},"modified":"2018-01-04T12:16:08","modified_gmt":"2018-01-04T12:16:08","slug":"precio-de-entradas-para-la-iii-fiesta-nacional-de-la-sandia","status":"publish","type":"post","link":"http:\/\/www.santaana.gob.ar\/home\/2018\/01\/04\/precio-de-entradas-para-la-iii-fiesta-nacional-de-la-sandia\/","title":{"rendered":"Precio de Entradas para la III Fiesta Nacional de la Sandia"},"content":{"rendered":"<p>VIERNES 26\/01\/2018<br \/>\nENTRADA LIBRE Y GRATUITA.<\/p>\n<p>S\u00c1BADO 27\/01\/2018<br \/>\nENTRADA GENERAL EN PUERTA $200<br \/>\nMENORES: 5 A 11A\u00d1OS INCLUSIVE $ 100<br \/>\nPersonas con discapacidad con carnet: gratis + acompa\u00f1ante<br \/>\n(no se venden anticipadas)<\/p>\n<p>DOMINGO 28\/01\/2018<br \/>\nANTICIPADAS $ 200<br \/>\nENTRADA GENERAL EN PUERTA $300<br \/>\nMENORES: 5 A 11A\u00d1OS INCLUSIVE $ 100<br \/>\nPersonas con discapacidad con carnet: gratis + acompa\u00f1ante<\/p>\n<p>ANTICIPADAS DOMINGO 28\/01\/2018<br \/>\nSANTA ANA<br \/>\n&#8211; Municipalidad de Santa Ana. Direcci\u00f3n: Cupertino Ota\u00f1o 576 (lunes a viernes por la ma\u00f1ana).<br \/>\n&#8211; Autoservicio de Cecilia Dalzotto. Direcci\u00f3n: Cupertino Ota\u00f1o.<br \/>\n&#8211; Oficina de turismo. Camping Bah\u00eda Santa Ana.<\/p>\n<p>FEDERACI\u00d3N<br \/>\n&#8211; Roxana Alfredo. Direcci\u00f3n: Magnolia 1620.<br \/>\n&#8211; Peluquer\u00eda Ponte Guapa de Mariela Ortiz.<br \/>\nCONCORDIA<br \/>\n&#8211; \u00d3ptica Sol. Direcci\u00f3n: Catamarca 11.<br \/>\nCHAJAR\u00cd<br \/>\n&#8211; Kiosko \u201cEl Pata\u201d. Direcci\u00f3n: Belgrano 1630.<br \/>\nVilla del Rosario<br \/>\n&#8211; Telecabina \u201cEl Centro\u201d. Direcci\u00f3n Belgrano y Tratado del Pilar.<\/p>\n","protected":false},"excerpt":{"rendered":"<p>VIERNES 26\/01\/2018 ENTRADA LIBRE Y GRATUITA. S\u00c1BADO 27\/01\/2018 ENTRADA GENERAL EN PUERTA $200 MENORES: 5 A 11A\u00d1OS INCLUSIVE $ 100 Personas con discapacidad con carnet: gratis + acompa\u00f1ante (no se venden anticipadas) DOMINGO 28\/01\/2018 ANTICIPADAS $ 200 ENTRADA GENERAL EN PUERTA $300 MENORES: 5 A 11A\u00d1OS INCLUSIVE $ 100 Personas con discapacidad con carnet: gratis<a class=\"moretag\" href=\"http:\/\/www.santaana.gob.ar\/home\/2018\/01\/04\/precio-de-entradas-para-la-iii-fiesta-nacional-de-la-sandia\/\"><span class=\"screen-reader-text\">Leer m\u00e1s sobre Precio de Entradas para la III Fiesta Nacional de la Sandia<\/span>[&#8230;]<\/a><\/p>\n","protected":false},"author":1,"featured_media":371,"comment_status":"open","ping_status":"open","sticky":false,"template":"","format":"standard","meta":{"footnotes":""},"categories":[1],"tags":[],"class_list":["post-374","post","type-post","status-publish","format-standard","has-post-thumbnail","hentry","category-noticias"],"_links":{"self":[{"href":"http:\/\/www.santaana.gob.ar\/home\/wp-json\/wp\/v2\/posts\/374","targetHints":{"allow":["GET"]}}],"collection":[{"href":"http:\/\/www.santaana.gob.ar\/home\/wp-json\/wp\/v2\/posts"}],"about":[{"href":"http:\/\/www.santaana.gob.ar\/home\/wp-json\/wp\/v2\/types\/post"}],"author":[{"embeddable":true,"href":"http:\/\/www.santaana.gob.ar\/home\/wp-json\/wp\/v2\/users\/1"}],"replies":[{"embeddable":true,"href":"http:\/\/www.santaana.gob.ar\/home\/wp-json\/wp\/v2\/comments?post=374"}],"version-history":[{"count":1,"href":"http:\/\/www.santaana.gob.ar\/home\/wp-json\/wp\/v2\/posts\/374\/revisions"}],"predecessor-version":[{"id":375,"href":"http:\/\/www.santaana.gob.ar\/home\/wp-json\/wp\/v2\/posts\/374\/revisions\/375"}],"wp:featuredmedia":[{"embeddable":true,"href":"http:\/\/www.santaana.gob.ar\/home\/wp-json\/wp\/v2\/media\/371"}],"wp:attachment":[{"href":"http:\/\/www.santaana.gob.ar\/home\/wp-json\/wp\/v2\/media?parent=374"}],"wp:term":[{"taxonomy":"category","embeddable":true,"href":"http:\/\/www.santaana.gob.ar\/home\/wp-json\/wp\/v2\/categories?post=374"},{"taxonomy":"post_tag","embeddable":true,"href":"http:\/\/www.santaana.gob.ar\/home\/wp-json\/wp\/v2\/tags?post=374"}],"curies":[{"name":"wp","href":"https:\/\/api.w.org\/{rel}","templated":true}]}}