{"id":370,"date":"2017-12-26T23:20:23","date_gmt":"2017-12-26T23:20:23","guid":{"rendered":"http:\/\/www.santaana.gob.ar\/home\/?p=370"},"modified":"2017-12-26T23:20:23","modified_gmt":"2017-12-26T23:20:23","slug":"3ra-fiesta-nacional-de-la-sandia","status":"publish","type":"post","link":"http:\/\/www.santaana.gob.ar\/home\/2017\/12\/26\/3ra-fiesta-nacional-de-la-sandia\/","title":{"rendered":"3ra Fiesta Nacional de la Sand\u00eda"},"content":{"rendered":"<div class=\"parallax-one-video-container\">\n<div id=\"fb-root\"><\/div>\n<p><script>(function(d, s, id) {  var js, fjs = d.getElementsByTagName(s)[0];  if (d.getElementById(id)) return;  js = d.createElement(s); js.id = id;  js.src = 'https:\/\/connect.facebook.net\/es_LA\/sdk.js#xfbml=1&version=v2.11';  fjs.parentNode.insertBefore(js, fjs);}(document, 'script', 'facebook-jssdk'));<\/script><\/p>\n<div class=\"fb-video\" data-href=\"https:\/\/www.facebook.com\/imagenes.videoyfotografia.aerea\/videos\/1520938657983841\/\" data-width=\"730\">\n<blockquote cite=\"https:\/\/www.facebook.com\/imagenes.videoyfotografia.aerea\/videos\/1520938657983841\/\" class=\"fb-xfbml-parse-ignore\"><p><a href=\"https:\/\/www.facebook.com\/imagenes.videoyfotografia.aerea\/videos\/1520938657983841\/\">Fiesta Nacional de la Sand\u00eda!!! 26, 27 y 28 de Enero!!! Santa Ana te espera<\/a><\/p>\n<p>Fiesta Nacional de la Sand\u00eda!!! 26, 27 y 28 de Enero!!! Santa Ana te espera!!!<\/p>\n<p>Posted by <a href=\"https:\/\/www.facebook.com\/imagenes.videoyfotografia.aerea\/\">Im\u00e1genes &#8211; Videos y Fotos A\u00e9reas HD<\/a> on martes, 26 de diciembre de 2017<\/p><\/blockquote>\n<\/div>\n<\/div>\n","protected":false},"excerpt":{"rendered":"<p>Fiesta Nacional de la Sand\u00eda!!! 26, 27 y 28 de Enero!!! Santa Ana te espera Fiesta Nacional de la Sand\u00eda!!! 26, 27 y 28 de Enero!!! Santa Ana te espera!!! Posted by Im\u00e1genes &#8211; Videos y Fotos A\u00e9reas HD on martes, 26 de diciembre de 2017<\/p>\n","protected":false},"author":1,"featured_media":371,"comment_status":"open","ping_status":"open","sticky":false,"template":"","format":"standard","meta":{"footnotes":""},"categories":[1],"tags":[],"class_list":["post-370","post","type-post","status-publish","format-standard","has-post-thumbnail","hentry","category-noticias"],"_links":{"self":[{"href":"http:\/\/www.santaana.gob.ar\/home\/wp-json\/wp\/v2\/posts\/370","targetHints":{"allow":["GET"]}}],"collection":[{"href":"http:\/\/www.santaana.gob.ar\/home\/wp-json\/wp\/v2\/posts"}],"about":[{"href":"http:\/\/www.santaana.gob.ar\/home\/wp-json\/wp\/v2\/types\/post"}],"author":[{"embeddable":true,"href":"http:\/\/www.santaana.gob.ar\/home\/wp-json\/wp\/v2\/users\/1"}],"replies":[{"embeddable":true,"href":"http:\/\/www.santaana.gob.ar\/home\/wp-json\/wp\/v2\/comments?post=370"}],"version-history":[{"count":1,"href":"http:\/\/www.santaana.gob.ar\/home\/wp-json\/wp\/v2\/posts\/370\/revisions"}],"predecessor-version":[{"id":372,"href":"http:\/\/www.santaana.gob.ar\/home\/wp-json\/wp\/v2\/posts\/370\/revisions\/372"}],"wp:featuredmedia":[{"embeddable":true,"href":"http:\/\/www.santaana.gob.ar\/home\/wp-json\/wp\/v2\/media\/371"}],"wp:attachment":[{"href":"http:\/\/www.santaana.gob.ar\/home\/wp-json\/wp\/v2\/media?parent=370"}],"wp:term":[{"taxonomy":"category","embeddable":true,"href":"http:\/\/www.santaana.gob.ar\/home\/wp-json\/wp\/v2\/categories?post=370"},{"taxonomy":"post_tag","embeddable":true,"href":"http:\/\/www.santaana.gob.ar\/home\/wp-json\/wp\/v2\/tags?post=370"}],"curies":[{"name":"wp","href":"https:\/\/api.w.org\/{rel}","templated":true}]}}