{"id":3665,"date":"2023-11-28T21:15:45","date_gmt":"2023-11-28T21:15:45","guid":{"rendered":"http:\/\/www.santaana.gob.ar\/home\/?p=3665"},"modified":"2023-11-28T21:15:45","modified_gmt":"2023-11-28T21:15:45","slug":"nuestras-playas-no-estan-inundada","status":"publish","type":"post","link":"http:\/\/www.santaana.gob.ar\/home\/2023\/11\/28\/nuestras-playas-no-estan-inundada\/","title":{"rendered":"NUESTRAS PLAYAS NO EST\u00c1N INUNDADA"},"content":{"rendered":"<p>Queremos llevar tranquilidad a todos los que quieren venir a nuestra ciudad y a nuestras playas.<br \/>\n\u2139 En Santa Ana no hay riesgo de inundaci\u00f3n por la crecida del r\u00edo Uruguay, ya que nuestra ciudad se ubica al norte de la Represa de Salto Grande. Las ciudades que se est\u00e1n viendo perjudicadas son aquellas que se ubican al sur de la misma. Podes ir siguiendo la info en https:\/\/www.facebook.com\/CTM.Argentina<br \/>\n\ud83d\ude4c Por este motivo nuestras playas est\u00e1n aptas y listas para disfrutarlas. \u00a1Los esperamos!<\/p>\n","protected":false},"excerpt":{"rendered":"<p>Queremos llevar tranquilidad a todos los que quieren venir a nuestra ciudad y a nuestras playas. \u2139 En Santa Ana no hay riesgo de inundaci\u00f3n por la crecida del r\u00edo Uruguay, ya que nuestra ciudad se ubica al norte de la Represa de Salto Grande. Las ciudades que se est\u00e1n viendo perjudicadas son aquellas que<a class=\"moretag\" href=\"http:\/\/www.santaana.gob.ar\/home\/2023\/11\/28\/nuestras-playas-no-estan-inundada\/\"><span class=\"screen-reader-text\">Leer m\u00e1s sobre NUESTRAS PLAYAS NO EST\u00c1N INUNDADA<\/span>[&#8230;]<\/a><\/p>\n","protected":false},"author":1,"featured_media":3666,"comment_status":"open","ping_status":"open","sticky":false,"template":"","format":"standard","meta":{"footnotes":""},"categories":[1],"tags":[],"class_list":["post-3665","post","type-post","status-publish","format-standard","has-post-thumbnail","hentry","category-noticias"],"_links":{"self":[{"href":"http:\/\/www.santaana.gob.ar\/home\/wp-json\/wp\/v2\/posts\/3665","targetHints":{"allow":["GET"]}}],"collection":[{"href":"http:\/\/www.santaana.gob.ar\/home\/wp-json\/wp\/v2\/posts"}],"about":[{"href":"http:\/\/www.santaana.gob.ar\/home\/wp-json\/wp\/v2\/types\/post"}],"author":[{"embeddable":true,"href":"http:\/\/www.santaana.gob.ar\/home\/wp-json\/wp\/v2\/users\/1"}],"replies":[{"embeddable":true,"href":"http:\/\/www.santaana.gob.ar\/home\/wp-json\/wp\/v2\/comments?post=3665"}],"version-history":[{"count":1,"href":"http:\/\/www.santaana.gob.ar\/home\/wp-json\/wp\/v2\/posts\/3665\/revisions"}],"predecessor-version":[{"id":3667,"href":"http:\/\/www.santaana.gob.ar\/home\/wp-json\/wp\/v2\/posts\/3665\/revisions\/3667"}],"wp:featuredmedia":[{"embeddable":true,"href":"http:\/\/www.santaana.gob.ar\/home\/wp-json\/wp\/v2\/media\/3666"}],"wp:attachment":[{"href":"http:\/\/www.santaana.gob.ar\/home\/wp-json\/wp\/v2\/media?parent=3665"}],"wp:term":[{"taxonomy":"category","embeddable":true,"href":"http:\/\/www.santaana.gob.ar\/home\/wp-json\/wp\/v2\/categories?post=3665"},{"taxonomy":"post_tag","embeddable":true,"href":"http:\/\/www.santaana.gob.ar\/home\/wp-json\/wp\/v2\/tags?post=3665"}],"curies":[{"name":"wp","href":"https:\/\/api.w.org\/{rel}","templated":true}]}}