{"id":3662,"date":"2023-11-23T18:35:22","date_gmt":"2023-11-23T18:35:22","guid":{"rendered":"http:\/\/www.santaana.gob.ar\/home\/?p=3662"},"modified":"2023-11-23T18:35:22","modified_gmt":"2023-11-23T18:35:22","slug":"comienza-la-temporada-estival-de-playa","status":"publish","type":"post","link":"http:\/\/www.santaana.gob.ar\/home\/2023\/11\/23\/comienza-la-temporada-estival-de-playa\/","title":{"rendered":"COMIENZA LA TEMPORADA ESTIVAL DE PLAYA"},"content":{"rendered":"<p>A partir de este viernes 24 de noviembre, ya podes empezar a disfrutar de la temporada de verano 2023-2024 en Santa Ana.<br \/>\nEste a\u00f1o sumamos m\u00e1s comodidades, m\u00e1s servicios, atractivos, WiFi gratuito, sectores inclusivos, seguridad y, como siempre, la mejor atenci\u00f3n.<br \/>\n\u2139\ufe0f Estos son los precios:<br \/>\n\ud83d\udc49 Entradas visitantes $500<br \/>\n\ud83d\udc49 Entradas vecinos $200<br \/>\n\ud83d\udc49 Menores de 12 a\u00f1os sin cargo.<br \/>\n\u25aa\ufe0f Las entradas solamente se cobran los d\u00edas viernes por la tarde, s\u00e1bados, domingos y feriados.<br \/>\n\u270d\ufe0f Si necesitas informaci\u00f3n tur\u00edstica, gastron\u00f3mica o sobre campamentos y alojamientos podes comunicarte al 3456 414351(llamadas o WhatsApp).<\/p>\n","protected":false},"excerpt":{"rendered":"<p>A partir de este viernes 24 de noviembre, ya podes empezar a disfrutar de la temporada de verano 2023-2024 en Santa Ana. Este a\u00f1o sumamos m\u00e1s comodidades, m\u00e1s servicios, atractivos, WiFi gratuito, sectores inclusivos, seguridad y, como siempre, la mejor atenci\u00f3n. \u2139\ufe0f Estos son los precios: \ud83d\udc49 Entradas visitantes $500 \ud83d\udc49 Entradas vecinos $200 \ud83d\udc49<a class=\"moretag\" href=\"http:\/\/www.santaana.gob.ar\/home\/2023\/11\/23\/comienza-la-temporada-estival-de-playa\/\"><span class=\"screen-reader-text\">Leer m\u00e1s sobre COMIENZA LA TEMPORADA ESTIVAL DE PLAYA<\/span>[&#8230;]<\/a><\/p>\n","protected":false},"author":1,"featured_media":3663,"comment_status":"open","ping_status":"open","sticky":false,"template":"","format":"standard","meta":{"footnotes":""},"categories":[1],"tags":[],"class_list":["post-3662","post","type-post","status-publish","format-standard","has-post-thumbnail","hentry","category-noticias"],"_links":{"self":[{"href":"http:\/\/www.santaana.gob.ar\/home\/wp-json\/wp\/v2\/posts\/3662","targetHints":{"allow":["GET"]}}],"collection":[{"href":"http:\/\/www.santaana.gob.ar\/home\/wp-json\/wp\/v2\/posts"}],"about":[{"href":"http:\/\/www.santaana.gob.ar\/home\/wp-json\/wp\/v2\/types\/post"}],"author":[{"embeddable":true,"href":"http:\/\/www.santaana.gob.ar\/home\/wp-json\/wp\/v2\/users\/1"}],"replies":[{"embeddable":true,"href":"http:\/\/www.santaana.gob.ar\/home\/wp-json\/wp\/v2\/comments?post=3662"}],"version-history":[{"count":1,"href":"http:\/\/www.santaana.gob.ar\/home\/wp-json\/wp\/v2\/posts\/3662\/revisions"}],"predecessor-version":[{"id":3664,"href":"http:\/\/www.santaana.gob.ar\/home\/wp-json\/wp\/v2\/posts\/3662\/revisions\/3664"}],"wp:featuredmedia":[{"embeddable":true,"href":"http:\/\/www.santaana.gob.ar\/home\/wp-json\/wp\/v2\/media\/3663"}],"wp:attachment":[{"href":"http:\/\/www.santaana.gob.ar\/home\/wp-json\/wp\/v2\/media?parent=3662"}],"wp:term":[{"taxonomy":"category","embeddable":true,"href":"http:\/\/www.santaana.gob.ar\/home\/wp-json\/wp\/v2\/categories?post=3662"},{"taxonomy":"post_tag","embeddable":true,"href":"http:\/\/www.santaana.gob.ar\/home\/wp-json\/wp\/v2\/tags?post=3662"}],"curies":[{"name":"wp","href":"https:\/\/api.w.org\/{rel}","templated":true}]}}