{"id":3659,"date":"2023-11-23T18:32:06","date_gmt":"2023-11-23T18:32:06","guid":{"rendered":"http:\/\/www.santaana.gob.ar\/home\/?p=3659"},"modified":"2023-11-23T18:32:06","modified_gmt":"2023-11-23T18:32:06","slug":"todos-contra-el-dengue-3","status":"publish","type":"post","link":"http:\/\/www.santaana.gob.ar\/home\/2023\/11\/23\/todos-contra-el-dengue-3\/","title":{"rendered":"TODOS CONTRA EL DENGUE"},"content":{"rendered":"<p>\u00bfSab\u00edas que el mosquito Aedes Aegypti es el principal factor de transmisi\u00f3n del dengue y se cr\u00eda en cualquier recipiente que contenga agua? Por eso para prevenir su aparici\u00f3n debemos tomar algunas medidas como:<br \/>\n\u25aa Destapar los desag\u00fces de lluvia.<br \/>\n\u25aa Eliminar latas, llantas y dem\u00e1s objetos que puedan almacenar agua.<br \/>\n\u25aa Tapar tanques y recipientes que se usan para recolectar agua.<br \/>\n\u25aa Cambiar diariamente el agua de floreros y bebederos de animales.<br \/>\n\ud83d\udcaa \u00a1Entre todos podemos combatirlo!<\/p>\n","protected":false},"excerpt":{"rendered":"<p>\u00bfSab\u00edas que el mosquito Aedes Aegypti es el principal factor de transmisi\u00f3n del dengue y se cr\u00eda en cualquier recipiente que contenga agua? Por eso para prevenir su aparici\u00f3n debemos tomar algunas medidas como: \u25aa Destapar los desag\u00fces de lluvia. \u25aa Eliminar latas, llantas y dem\u00e1s objetos que puedan almacenar agua. \u25aa Tapar tanques y<a class=\"moretag\" href=\"http:\/\/www.santaana.gob.ar\/home\/2023\/11\/23\/todos-contra-el-dengue-3\/\"><span class=\"screen-reader-text\">Leer m\u00e1s sobre TODOS CONTRA EL DENGUE<\/span>[&#8230;]<\/a><\/p>\n","protected":false},"author":1,"featured_media":3660,"comment_status":"open","ping_status":"open","sticky":false,"template":"","format":"standard","meta":{"footnotes":""},"categories":[1],"tags":[],"class_list":["post-3659","post","type-post","status-publish","format-standard","has-post-thumbnail","hentry","category-noticias"],"_links":{"self":[{"href":"http:\/\/www.santaana.gob.ar\/home\/wp-json\/wp\/v2\/posts\/3659","targetHints":{"allow":["GET"]}}],"collection":[{"href":"http:\/\/www.santaana.gob.ar\/home\/wp-json\/wp\/v2\/posts"}],"about":[{"href":"http:\/\/www.santaana.gob.ar\/home\/wp-json\/wp\/v2\/types\/post"}],"author":[{"embeddable":true,"href":"http:\/\/www.santaana.gob.ar\/home\/wp-json\/wp\/v2\/users\/1"}],"replies":[{"embeddable":true,"href":"http:\/\/www.santaana.gob.ar\/home\/wp-json\/wp\/v2\/comments?post=3659"}],"version-history":[{"count":1,"href":"http:\/\/www.santaana.gob.ar\/home\/wp-json\/wp\/v2\/posts\/3659\/revisions"}],"predecessor-version":[{"id":3661,"href":"http:\/\/www.santaana.gob.ar\/home\/wp-json\/wp\/v2\/posts\/3659\/revisions\/3661"}],"wp:featuredmedia":[{"embeddable":true,"href":"http:\/\/www.santaana.gob.ar\/home\/wp-json\/wp\/v2\/media\/3660"}],"wp:attachment":[{"href":"http:\/\/www.santaana.gob.ar\/home\/wp-json\/wp\/v2\/media?parent=3659"}],"wp:term":[{"taxonomy":"category","embeddable":true,"href":"http:\/\/www.santaana.gob.ar\/home\/wp-json\/wp\/v2\/categories?post=3659"},{"taxonomy":"post_tag","embeddable":true,"href":"http:\/\/www.santaana.gob.ar\/home\/wp-json\/wp\/v2\/tags?post=3659"}],"curies":[{"name":"wp","href":"https:\/\/api.w.org\/{rel}","templated":true}]}}