{"id":3654,"date":"2023-11-20T11:22:45","date_gmt":"2023-11-20T11:22:45","guid":{"rendered":"http:\/\/www.santaana.gob.ar\/home\/?p=3654"},"modified":"2023-11-20T11:22:45","modified_gmt":"2023-11-20T11:22:45","slug":"19-fiesta-de-la-tradicion","status":"publish","type":"post","link":"http:\/\/www.santaana.gob.ar\/home\/2023\/11\/20\/19-fiesta-de-la-tradicion\/","title":{"rendered":"19\u00b0 FIESTA DE LA TRADICI\u00d3N"},"content":{"rendered":"<p>Celebramos nuestra tradici\u00f3n en el Centro Social y Deportivo Santa Ana.<br \/>\n\ud83d\ude4c El evento, organizado por la Municipalidad de Santa Ana y el Jard\u00edn Maternal \u00abMiguitas de Ternura\u00bb, cont\u00f3 con una gran concurrencia de p\u00fablico, donde la familia de Santa Ana pudo disfrutar de la m\u00fasica, la danza y un excelente servicio de cantina, exposici\u00f3n de artesanos y emprendedores. Adem\u00e1s se llev\u00f3 a cabo el cierre de los Talleres Municipales con entrega de certificados.<br \/>\n\ud83c\udf89 Fue una gran noche donde actuaron los artistas de los talleres municipales y el cierre, a todo ritmo, estuvo a cargo del grupo musical \u00abSentimiento Original\u00bb, de la ciudad de Concordia.<\/p>\n","protected":false},"excerpt":{"rendered":"<p>Celebramos nuestra tradici\u00f3n en el Centro Social y Deportivo Santa Ana. \ud83d\ude4c El evento, organizado por la Municipalidad de Santa Ana y el Jard\u00edn Maternal \u00abMiguitas de Ternura\u00bb, cont\u00f3 con una gran concurrencia de p\u00fablico, donde la familia de Santa Ana pudo disfrutar de la m\u00fasica, la danza y un excelente servicio de cantina, exposici\u00f3n<a class=\"moretag\" href=\"http:\/\/www.santaana.gob.ar\/home\/2023\/11\/20\/19-fiesta-de-la-tradicion\/\"><span class=\"screen-reader-text\">Leer m\u00e1s sobre 19\u00b0 FIESTA DE LA TRADICI\u00d3N<\/span>[&#8230;]<\/a><\/p>\n","protected":false},"author":1,"featured_media":3655,"comment_status":"open","ping_status":"open","sticky":false,"template":"","format":"standard","meta":{"footnotes":""},"categories":[1],"tags":[],"class_list":["post-3654","post","type-post","status-publish","format-standard","has-post-thumbnail","hentry","category-noticias"],"_links":{"self":[{"href":"http:\/\/www.santaana.gob.ar\/home\/wp-json\/wp\/v2\/posts\/3654","targetHints":{"allow":["GET"]}}],"collection":[{"href":"http:\/\/www.santaana.gob.ar\/home\/wp-json\/wp\/v2\/posts"}],"about":[{"href":"http:\/\/www.santaana.gob.ar\/home\/wp-json\/wp\/v2\/types\/post"}],"author":[{"embeddable":true,"href":"http:\/\/www.santaana.gob.ar\/home\/wp-json\/wp\/v2\/users\/1"}],"replies":[{"embeddable":true,"href":"http:\/\/www.santaana.gob.ar\/home\/wp-json\/wp\/v2\/comments?post=3654"}],"version-history":[{"count":1,"href":"http:\/\/www.santaana.gob.ar\/home\/wp-json\/wp\/v2\/posts\/3654\/revisions"}],"predecessor-version":[{"id":3656,"href":"http:\/\/www.santaana.gob.ar\/home\/wp-json\/wp\/v2\/posts\/3654\/revisions\/3656"}],"wp:featuredmedia":[{"embeddable":true,"href":"http:\/\/www.santaana.gob.ar\/home\/wp-json\/wp\/v2\/media\/3655"}],"wp:attachment":[{"href":"http:\/\/www.santaana.gob.ar\/home\/wp-json\/wp\/v2\/media?parent=3654"}],"wp:term":[{"taxonomy":"category","embeddable":true,"href":"http:\/\/www.santaana.gob.ar\/home\/wp-json\/wp\/v2\/categories?post=3654"},{"taxonomy":"post_tag","embeddable":true,"href":"http:\/\/www.santaana.gob.ar\/home\/wp-json\/wp\/v2\/tags?post=3654"}],"curies":[{"name":"wp","href":"https:\/\/api.w.org\/{rel}","templated":true}]}}