{"id":3651,"date":"2023-11-20T11:21:45","date_gmt":"2023-11-20T11:21:45","guid":{"rendered":"http:\/\/www.santaana.gob.ar\/home\/?p=3651"},"modified":"2023-11-20T11:21:45","modified_gmt":"2023-11-20T11:21:45","slug":"el-lunes-la-recoleccion-de-residuos-sera-norma","status":"publish","type":"post","link":"http:\/\/www.santaana.gob.ar\/home\/2023\/11\/20\/el-lunes-la-recoleccion-de-residuos-sera-norma\/","title":{"rendered":"EL LUNES LA RECOLECCI\u00d3N DE RESIDUOS SER\u00c1 NORMA"},"content":{"rendered":"<p>La Municipalidad de Santa Ana informa a la comunidad que el lunes, feriado por el D\u00eda de la Soberan\u00eda Nacional, la recolecci\u00f3n de residuos en la planta urbana y loteos residenciales ubicados en el borde de lago se realizar\u00e1 en forma normal y en sus horarios habituales.<\/p>\n","protected":false},"excerpt":{"rendered":"<p>La Municipalidad de Santa Ana informa a la comunidad que el lunes, feriado por el D\u00eda de la Soberan\u00eda Nacional, la recolecci\u00f3n de residuos en la planta urbana y loteos residenciales ubicados en el borde de lago se realizar\u00e1 en forma normal y en sus horarios habituales.<\/p>\n","protected":false},"author":1,"featured_media":3652,"comment_status":"open","ping_status":"open","sticky":false,"template":"","format":"standard","meta":{"footnotes":""},"categories":[1],"tags":[],"class_list":["post-3651","post","type-post","status-publish","format-standard","has-post-thumbnail","hentry","category-noticias"],"_links":{"self":[{"href":"http:\/\/www.santaana.gob.ar\/home\/wp-json\/wp\/v2\/posts\/3651","targetHints":{"allow":["GET"]}}],"collection":[{"href":"http:\/\/www.santaana.gob.ar\/home\/wp-json\/wp\/v2\/posts"}],"about":[{"href":"http:\/\/www.santaana.gob.ar\/home\/wp-json\/wp\/v2\/types\/post"}],"author":[{"embeddable":true,"href":"http:\/\/www.santaana.gob.ar\/home\/wp-json\/wp\/v2\/users\/1"}],"replies":[{"embeddable":true,"href":"http:\/\/www.santaana.gob.ar\/home\/wp-json\/wp\/v2\/comments?post=3651"}],"version-history":[{"count":1,"href":"http:\/\/www.santaana.gob.ar\/home\/wp-json\/wp\/v2\/posts\/3651\/revisions"}],"predecessor-version":[{"id":3653,"href":"http:\/\/www.santaana.gob.ar\/home\/wp-json\/wp\/v2\/posts\/3651\/revisions\/3653"}],"wp:featuredmedia":[{"embeddable":true,"href":"http:\/\/www.santaana.gob.ar\/home\/wp-json\/wp\/v2\/media\/3652"}],"wp:attachment":[{"href":"http:\/\/www.santaana.gob.ar\/home\/wp-json\/wp\/v2\/media?parent=3651"}],"wp:term":[{"taxonomy":"category","embeddable":true,"href":"http:\/\/www.santaana.gob.ar\/home\/wp-json\/wp\/v2\/categories?post=3651"},{"taxonomy":"post_tag","embeddable":true,"href":"http:\/\/www.santaana.gob.ar\/home\/wp-json\/wp\/v2\/tags?post=3651"}],"curies":[{"name":"wp","href":"https:\/\/api.w.org\/{rel}","templated":true}]}}