{"id":3646,"date":"2023-11-16T12:40:01","date_gmt":"2023-11-16T12:40:01","guid":{"rendered":"http:\/\/www.santaana.gob.ar\/home\/?p=3646"},"modified":"2023-11-16T12:40:01","modified_gmt":"2023-11-16T12:40:01","slug":"recoleccion-de-residuos-y-ramas-2","status":"publish","type":"post","link":"http:\/\/www.santaana.gob.ar\/home\/2023\/11\/16\/recoleccion-de-residuos-y-ramas-2\/","title":{"rendered":"RECOLECCI\u00d3N DE RESIDUOS Y RAMAS"},"content":{"rendered":"<p>\u2705\ufe0f Te recordamos el cronograma de recolecci\u00f3n:<br \/>\n\ud83d\udcc5 Lunes, mi\u00e9rcoles y viernes, de 7 a 9 horas, recolecci\u00f3n de residuos domiciliarios.<br \/>\n\u267b\ufe0f Record\u00e1 separar los residuos en org\u00e1nicos, inorg\u00e1nicos y sanitarios.<br \/>\n\ud83d\udcc5 De lunes a viernes por la tarde se realiza la recolecci\u00f3n de ramas y hojas.<br \/>\n\ud83d\ude4c Entre todos podemos organizarnos y as\u00ed mantener nuestra ciudad ordenada.<\/p>\n","protected":false},"excerpt":{"rendered":"<p>\u2705\ufe0f Te recordamos el cronograma de recolecci\u00f3n: \ud83d\udcc5 Lunes, mi\u00e9rcoles y viernes, de 7 a 9 horas, recolecci\u00f3n de residuos domiciliarios. \u267b\ufe0f Record\u00e1 separar los residuos en org\u00e1nicos, inorg\u00e1nicos y sanitarios. \ud83d\udcc5 De lunes a viernes por la tarde se realiza la recolecci\u00f3n de ramas y hojas. \ud83d\ude4c Entre todos podemos organizarnos y as\u00ed mantener<a class=\"moretag\" href=\"http:\/\/www.santaana.gob.ar\/home\/2023\/11\/16\/recoleccion-de-residuos-y-ramas-2\/\"><span class=\"screen-reader-text\">Leer m\u00e1s sobre RECOLECCI\u00d3N DE RESIDUOS Y RAMAS<\/span>[&#8230;]<\/a><\/p>\n","protected":false},"author":1,"featured_media":3473,"comment_status":"open","ping_status":"open","sticky":false,"template":"","format":"standard","meta":{"footnotes":""},"categories":[1],"tags":[],"class_list":["post-3646","post","type-post","status-publish","format-standard","has-post-thumbnail","hentry","category-noticias"],"_links":{"self":[{"href":"http:\/\/www.santaana.gob.ar\/home\/wp-json\/wp\/v2\/posts\/3646","targetHints":{"allow":["GET"]}}],"collection":[{"href":"http:\/\/www.santaana.gob.ar\/home\/wp-json\/wp\/v2\/posts"}],"about":[{"href":"http:\/\/www.santaana.gob.ar\/home\/wp-json\/wp\/v2\/types\/post"}],"author":[{"embeddable":true,"href":"http:\/\/www.santaana.gob.ar\/home\/wp-json\/wp\/v2\/users\/1"}],"replies":[{"embeddable":true,"href":"http:\/\/www.santaana.gob.ar\/home\/wp-json\/wp\/v2\/comments?post=3646"}],"version-history":[{"count":1,"href":"http:\/\/www.santaana.gob.ar\/home\/wp-json\/wp\/v2\/posts\/3646\/revisions"}],"predecessor-version":[{"id":3647,"href":"http:\/\/www.santaana.gob.ar\/home\/wp-json\/wp\/v2\/posts\/3646\/revisions\/3647"}],"wp:featuredmedia":[{"embeddable":true,"href":"http:\/\/www.santaana.gob.ar\/home\/wp-json\/wp\/v2\/media\/3473"}],"wp:attachment":[{"href":"http:\/\/www.santaana.gob.ar\/home\/wp-json\/wp\/v2\/media?parent=3646"}],"wp:term":[{"taxonomy":"category","embeddable":true,"href":"http:\/\/www.santaana.gob.ar\/home\/wp-json\/wp\/v2\/categories?post=3646"},{"taxonomy":"post_tag","embeddable":true,"href":"http:\/\/www.santaana.gob.ar\/home\/wp-json\/wp\/v2\/tags?post=3646"}],"curies":[{"name":"wp","href":"https:\/\/api.w.org\/{rel}","templated":true}]}}