{"id":3644,"date":"2023-11-09T18:14:24","date_gmt":"2023-11-09T18:14:24","guid":{"rendered":"http:\/\/www.santaana.gob.ar\/home\/?p=3644"},"modified":"2023-11-09T18:14:24","modified_gmt":"2023-11-09T18:14:24","slug":"capacitacion-para-autoridades-de-mesa-6","status":"publish","type":"post","link":"http:\/\/www.santaana.gob.ar\/home\/2023\/11\/09\/capacitacion-para-autoridades-de-mesa-6\/","title":{"rendered":"CAPACITACI\u00d3N PARA AUTORIDADES DE MESA"},"content":{"rendered":"<p>La Municipalidad de Santa Ana informa que el pr\u00f3ximo mi\u00e9rcoles 15 de noviembre se llevar\u00e1 a cabo la capacitaci\u00f3n para las autoridades de mesa para las pr\u00f3ximas Elecciones Generales 2023 \u00abSegunda Vuelta\u00bb.<br \/>\n\u2139\ufe0f La misma se realizar\u00e1 a partir de las 20 horas en el edificio NIDO, ubicado en calle 9 de julio entre calles J.J. de San Mart\u00edn y Cupertino Ota\u00f1o.<br \/>\n\ud83d\udc49 Importante concurrir con la designaci\u00f3n correspondiente para recibir constancia de asistencia.<\/p>\n","protected":false},"excerpt":{"rendered":"<p>La Municipalidad de Santa Ana informa que el pr\u00f3ximo mi\u00e9rcoles 15 de noviembre se llevar\u00e1 a cabo la capacitaci\u00f3n para las autoridades de mesa para las pr\u00f3ximas Elecciones Generales 2023 \u00abSegunda Vuelta\u00bb. \u2139\ufe0f La misma se realizar\u00e1 a partir de las 20 horas en el edificio NIDO, ubicado en calle 9 de julio entre calles<a class=\"moretag\" href=\"http:\/\/www.santaana.gob.ar\/home\/2023\/11\/09\/capacitacion-para-autoridades-de-mesa-6\/\"><span class=\"screen-reader-text\">Leer m\u00e1s sobre CAPACITACI\u00d3N PARA AUTORIDADES DE MESA<\/span>[&#8230;]<\/a><\/p>\n","protected":false},"author":1,"featured_media":3580,"comment_status":"open","ping_status":"open","sticky":false,"template":"","format":"standard","meta":{"footnotes":""},"categories":[1],"tags":[],"class_list":["post-3644","post","type-post","status-publish","format-standard","has-post-thumbnail","hentry","category-noticias"],"_links":{"self":[{"href":"http:\/\/www.santaana.gob.ar\/home\/wp-json\/wp\/v2\/posts\/3644","targetHints":{"allow":["GET"]}}],"collection":[{"href":"http:\/\/www.santaana.gob.ar\/home\/wp-json\/wp\/v2\/posts"}],"about":[{"href":"http:\/\/www.santaana.gob.ar\/home\/wp-json\/wp\/v2\/types\/post"}],"author":[{"embeddable":true,"href":"http:\/\/www.santaana.gob.ar\/home\/wp-json\/wp\/v2\/users\/1"}],"replies":[{"embeddable":true,"href":"http:\/\/www.santaana.gob.ar\/home\/wp-json\/wp\/v2\/comments?post=3644"}],"version-history":[{"count":1,"href":"http:\/\/www.santaana.gob.ar\/home\/wp-json\/wp\/v2\/posts\/3644\/revisions"}],"predecessor-version":[{"id":3645,"href":"http:\/\/www.santaana.gob.ar\/home\/wp-json\/wp\/v2\/posts\/3644\/revisions\/3645"}],"wp:featuredmedia":[{"embeddable":true,"href":"http:\/\/www.santaana.gob.ar\/home\/wp-json\/wp\/v2\/media\/3580"}],"wp:attachment":[{"href":"http:\/\/www.santaana.gob.ar\/home\/wp-json\/wp\/v2\/media?parent=3644"}],"wp:term":[{"taxonomy":"category","embeddable":true,"href":"http:\/\/www.santaana.gob.ar\/home\/wp-json\/wp\/v2\/categories?post=3644"},{"taxonomy":"post_tag","embeddable":true,"href":"http:\/\/www.santaana.gob.ar\/home\/wp-json\/wp\/v2\/tags?post=3644"}],"curies":[{"name":"wp","href":"https:\/\/api.w.org\/{rel}","templated":true}]}}