{"id":3641,"date":"2023-11-09T18:13:47","date_gmt":"2023-11-09T18:13:47","guid":{"rendered":"http:\/\/www.santaana.gob.ar\/home\/?p=3641"},"modified":"2023-11-09T18:13:47","modified_gmt":"2023-11-09T18:13:47","slug":"sin-mosquito-no-hay-dengue","status":"publish","type":"post","link":"http:\/\/www.santaana.gob.ar\/home\/2023\/11\/09\/sin-mosquito-no-hay-dengue\/","title":{"rendered":"SIN MOSQUITO NO HAY DENGUE"},"content":{"rendered":"<p>Comenz\u00f3 la \u00e9poca de lluvias y es fundamental trabajar en la prevenci\u00f3n del dengue, vos desde tu lugar tambi\u00e9n pod\u00e9s ayudar.<br \/>\n\ud83e\udd9f \u00bfSab\u00edas que el mosquito Aedes Aegypti es el principal factor de transmisi\u00f3n del dengue y se cr\u00eda en cualquier recipiente que contenga agua? Por eso para prevenir su aparici\u00f3n debemos tomar algunas medidas como:<br \/>\n\u25aa Destapar los desag\u00fces de lluvia.<br \/>\n\u25aa Eliminar latas, llantas y dem\u00e1s objetos que puedan almacenar agua.<br \/>\n\u25aa Tapar tanques y recipientes que se usan para recolectar agua.<br \/>\n\u25aa Cambiar diariamente el agua de floreros y bebederos de animales.<br \/>\n\ud83d\udcaa \u00a1Entre todos podemos combatirlo!<\/p>\n","protected":false},"excerpt":{"rendered":"<p>Comenz\u00f3 la \u00e9poca de lluvias y es fundamental trabajar en la prevenci\u00f3n del dengue, vos desde tu lugar tambi\u00e9n pod\u00e9s ayudar. \ud83e\udd9f \u00bfSab\u00edas que el mosquito Aedes Aegypti es el principal factor de transmisi\u00f3n del dengue y se cr\u00eda en cualquier recipiente que contenga agua? Por eso para prevenir su aparici\u00f3n debemos tomar algunas medidas<a class=\"moretag\" href=\"http:\/\/www.santaana.gob.ar\/home\/2023\/11\/09\/sin-mosquito-no-hay-dengue\/\"><span class=\"screen-reader-text\">Leer m\u00e1s sobre SIN MOSQUITO NO HAY DENGUE<\/span>[&#8230;]<\/a><\/p>\n","protected":false},"author":1,"featured_media":3642,"comment_status":"open","ping_status":"open","sticky":false,"template":"","format":"standard","meta":{"footnotes":""},"categories":[1],"tags":[],"class_list":["post-3641","post","type-post","status-publish","format-standard","has-post-thumbnail","hentry","category-noticias"],"_links":{"self":[{"href":"http:\/\/www.santaana.gob.ar\/home\/wp-json\/wp\/v2\/posts\/3641","targetHints":{"allow":["GET"]}}],"collection":[{"href":"http:\/\/www.santaana.gob.ar\/home\/wp-json\/wp\/v2\/posts"}],"about":[{"href":"http:\/\/www.santaana.gob.ar\/home\/wp-json\/wp\/v2\/types\/post"}],"author":[{"embeddable":true,"href":"http:\/\/www.santaana.gob.ar\/home\/wp-json\/wp\/v2\/users\/1"}],"replies":[{"embeddable":true,"href":"http:\/\/www.santaana.gob.ar\/home\/wp-json\/wp\/v2\/comments?post=3641"}],"version-history":[{"count":1,"href":"http:\/\/www.santaana.gob.ar\/home\/wp-json\/wp\/v2\/posts\/3641\/revisions"}],"predecessor-version":[{"id":3643,"href":"http:\/\/www.santaana.gob.ar\/home\/wp-json\/wp\/v2\/posts\/3641\/revisions\/3643"}],"wp:featuredmedia":[{"embeddable":true,"href":"http:\/\/www.santaana.gob.ar\/home\/wp-json\/wp\/v2\/media\/3642"}],"wp:attachment":[{"href":"http:\/\/www.santaana.gob.ar\/home\/wp-json\/wp\/v2\/media?parent=3641"}],"wp:term":[{"taxonomy":"category","embeddable":true,"href":"http:\/\/www.santaana.gob.ar\/home\/wp-json\/wp\/v2\/categories?post=3641"},{"taxonomy":"post_tag","embeddable":true,"href":"http:\/\/www.santaana.gob.ar\/home\/wp-json\/wp\/v2\/tags?post=3641"}],"curies":[{"name":"wp","href":"https:\/\/api.w.org\/{rel}","templated":true}]}}