{"id":3635,"date":"2023-11-08T20:52:25","date_gmt":"2023-11-08T20:52:25","guid":{"rendered":"http:\/\/www.santaana.gob.ar\/home\/?p=3635"},"modified":"2023-11-08T20:52:25","modified_gmt":"2023-11-08T20:52:25","slug":"festejamos-el-dia-del-empleado-municipal","status":"publish","type":"post","link":"http:\/\/www.santaana.gob.ar\/home\/2023\/11\/08\/festejamos-el-dia-del-empleado-municipal\/","title":{"rendered":"FESTEJAMOS EL D\u00cdA DEL EMPLEADO MUNICIPAL"},"content":{"rendered":"<p>Anoche, en las instalaciones del Camping Municipal de Santa Ana, se realiz\u00f3 la cena por la celebraci\u00f3n del D\u00eda del Empleado Municipal donde estuvieron presentes el personal en actividad, jubilados, funcionarios del departamento ejecutivo y del Concejo Deliberante.<br \/>\n\ud83d\udc4f Durante el agasajo se realizaron sorteos, se hicieron entrega de distinciones especiales y se entregaron premios a los ganadores de las actividades deportivas. Adem\u00e1s se reconoci\u00f3 al personal que cumpli\u00f3 30 a\u00f1os de servicio en la municipalidad.<br \/>\n\ud83d\ude4c Fue una velada muy agradable donde las empleadas y empleados municipales celebraron su d\u00eda.<\/p>\n","protected":false},"excerpt":{"rendered":"<p>Anoche, en las instalaciones del Camping Municipal de Santa Ana, se realiz\u00f3 la cena por la celebraci\u00f3n del D\u00eda del Empleado Municipal donde estuvieron presentes el personal en actividad, jubilados, funcionarios del departamento ejecutivo y del Concejo Deliberante. \ud83d\udc4f Durante el agasajo se realizaron sorteos, se hicieron entrega de distinciones especiales y se entregaron premios<a class=\"moretag\" href=\"http:\/\/www.santaana.gob.ar\/home\/2023\/11\/08\/festejamos-el-dia-del-empleado-municipal\/\"><span class=\"screen-reader-text\">Leer m\u00e1s sobre FESTEJAMOS EL D\u00cdA DEL EMPLEADO MUNICIPAL<\/span>[&#8230;]<\/a><\/p>\n","protected":false},"author":1,"featured_media":3636,"comment_status":"open","ping_status":"open","sticky":false,"template":"","format":"standard","meta":{"footnotes":""},"categories":[1],"tags":[],"class_list":["post-3635","post","type-post","status-publish","format-standard","has-post-thumbnail","hentry","category-noticias"],"_links":{"self":[{"href":"http:\/\/www.santaana.gob.ar\/home\/wp-json\/wp\/v2\/posts\/3635","targetHints":{"allow":["GET"]}}],"collection":[{"href":"http:\/\/www.santaana.gob.ar\/home\/wp-json\/wp\/v2\/posts"}],"about":[{"href":"http:\/\/www.santaana.gob.ar\/home\/wp-json\/wp\/v2\/types\/post"}],"author":[{"embeddable":true,"href":"http:\/\/www.santaana.gob.ar\/home\/wp-json\/wp\/v2\/users\/1"}],"replies":[{"embeddable":true,"href":"http:\/\/www.santaana.gob.ar\/home\/wp-json\/wp\/v2\/comments?post=3635"}],"version-history":[{"count":1,"href":"http:\/\/www.santaana.gob.ar\/home\/wp-json\/wp\/v2\/posts\/3635\/revisions"}],"predecessor-version":[{"id":3637,"href":"http:\/\/www.santaana.gob.ar\/home\/wp-json\/wp\/v2\/posts\/3635\/revisions\/3637"}],"wp:featuredmedia":[{"embeddable":true,"href":"http:\/\/www.santaana.gob.ar\/home\/wp-json\/wp\/v2\/media\/3636"}],"wp:attachment":[{"href":"http:\/\/www.santaana.gob.ar\/home\/wp-json\/wp\/v2\/media?parent=3635"}],"wp:term":[{"taxonomy":"category","embeddable":true,"href":"http:\/\/www.santaana.gob.ar\/home\/wp-json\/wp\/v2\/categories?post=3635"},{"taxonomy":"post_tag","embeddable":true,"href":"http:\/\/www.santaana.gob.ar\/home\/wp-json\/wp\/v2\/tags?post=3635"}],"curies":[{"name":"wp","href":"https:\/\/api.w.org\/{rel}","templated":true}]}}