{"id":3630,"date":"2023-11-07T14:34:25","date_gmt":"2023-11-07T14:34:25","guid":{"rendered":"http:\/\/www.santaana.gob.ar\/home\/?p=3630"},"modified":"2023-11-07T14:34:25","modified_gmt":"2023-11-07T14:34:25","slug":"recoleccion-de-residuos-para-este-miercoles","status":"publish","type":"post","link":"http:\/\/www.santaana.gob.ar\/home\/2023\/11\/07\/recoleccion-de-residuos-para-este-miercoles\/","title":{"rendered":"RECOLECCI\u00d3N DE RESIDUOS PARA ESTE MI\u00c9RCOLES"},"content":{"rendered":"<p>RECOLECCI\u00d3N DE RESIDUOS PARA ESTE MI\u00c9RCOLES<br \/>\nLa Direcci\u00f3n de Obras y Servicios P\u00fablicos de la Municipalidad de Santa Ana informa a la comunidad que la recolecci\u00f3n de residuos del d\u00eda mi\u00e9rcoles 8 de noviembre, feriado por el D\u00eda del Empleado Municipal, se realizar\u00e1 normalmente y en los horarios habituales de 7 a 9 horas<\/p>\n","protected":false},"excerpt":{"rendered":"<p>RECOLECCI\u00d3N DE RESIDUOS PARA ESTE MI\u00c9RCOLES La Direcci\u00f3n de Obras y Servicios P\u00fablicos de la Municipalidad de Santa Ana informa a la comunidad que la recolecci\u00f3n de residuos del d\u00eda mi\u00e9rcoles 8 de noviembre, feriado por el D\u00eda del Empleado Municipal, se realizar\u00e1 normalmente y en los horarios habituales de 7 a 9 horas<\/p>\n","protected":false},"author":1,"featured_media":2795,"comment_status":"open","ping_status":"open","sticky":false,"template":"","format":"standard","meta":{"footnotes":""},"categories":[1],"tags":[],"class_list":["post-3630","post","type-post","status-publish","format-standard","has-post-thumbnail","hentry","category-noticias"],"_links":{"self":[{"href":"http:\/\/www.santaana.gob.ar\/home\/wp-json\/wp\/v2\/posts\/3630","targetHints":{"allow":["GET"]}}],"collection":[{"href":"http:\/\/www.santaana.gob.ar\/home\/wp-json\/wp\/v2\/posts"}],"about":[{"href":"http:\/\/www.santaana.gob.ar\/home\/wp-json\/wp\/v2\/types\/post"}],"author":[{"embeddable":true,"href":"http:\/\/www.santaana.gob.ar\/home\/wp-json\/wp\/v2\/users\/1"}],"replies":[{"embeddable":true,"href":"http:\/\/www.santaana.gob.ar\/home\/wp-json\/wp\/v2\/comments?post=3630"}],"version-history":[{"count":1,"href":"http:\/\/www.santaana.gob.ar\/home\/wp-json\/wp\/v2\/posts\/3630\/revisions"}],"predecessor-version":[{"id":3631,"href":"http:\/\/www.santaana.gob.ar\/home\/wp-json\/wp\/v2\/posts\/3630\/revisions\/3631"}],"wp:featuredmedia":[{"embeddable":true,"href":"http:\/\/www.santaana.gob.ar\/home\/wp-json\/wp\/v2\/media\/2795"}],"wp:attachment":[{"href":"http:\/\/www.santaana.gob.ar\/home\/wp-json\/wp\/v2\/media?parent=3630"}],"wp:term":[{"taxonomy":"category","embeddable":true,"href":"http:\/\/www.santaana.gob.ar\/home\/wp-json\/wp\/v2\/categories?post=3630"},{"taxonomy":"post_tag","embeddable":true,"href":"http:\/\/www.santaana.gob.ar\/home\/wp-json\/wp\/v2\/tags?post=3630"}],"curies":[{"name":"wp","href":"https:\/\/api.w.org\/{rel}","templated":true}]}}