{"id":363,"date":"2017-12-15T18:35:14","date_gmt":"2017-12-15T18:35:14","guid":{"rendered":"http:\/\/www.santaana.gob.ar\/home\/?p=363"},"modified":"2017-12-15T18:35:14","modified_gmt":"2017-12-15T18:35:14","slug":"visita-del-delegado-de-la-secretaria-de-derechos-humanos-y-pluralismo-cultural-de-nacion-a-la-localidad-de-santa-ana","status":"publish","type":"post","link":"http:\/\/www.santaana.gob.ar\/home\/2017\/12\/15\/visita-del-delegado-de-la-secretaria-de-derechos-humanos-y-pluralismo-cultural-de-nacion-a-la-localidad-de-santa-ana\/","title":{"rendered":"Visita del delegado de la Secretar\u00eda de Derechos Humanos y Pluralismo Cultural de Naci\u00f3n a la localidad de Santa Ana"},"content":{"rendered":"<p>En la jornada de este viernes 15 de diciembre, estuvo presente en la Municipalidad de Santa Ana, el delegado de Entre R\u00edos, Juan Spa\u00f1oletti de la Secretar\u00eda de Derechos Humanos y Pluralismo Cultural del Ministerio de Justicia y Derechos Humanos de la Naci\u00f3n; qui\u00e9n fue recibido por el Presidente Municipal, Toler Mario, el Secretario de Gobierno, Zanandrea Rogelio y el Director de Acci\u00f3n Social, Moreira Horacio. En este encuentro se firm\u00f3 entre ambas partes, una carta de intenci\u00f3n de colaboraci\u00f3n mutua, que tiene por finalidad de poder acceder a los diferentes programas relacionados a los derechos humanos y pluralismo cultural con que cuenta la secretar\u00eda y as\u00ed poder llevarlo a cabo en nuestra jurisdicci\u00f3n.<\/p>\n","protected":false},"excerpt":{"rendered":"<p>En la jornada de este viernes 15 de diciembre, estuvo presente en la Municipalidad de Santa Ana, el delegado de Entre R\u00edos, Juan Spa\u00f1oletti de la Secretar\u00eda de Derechos Humanos y Pluralismo Cultural del Ministerio de Justicia y Derechos Humanos de la Naci\u00f3n; qui\u00e9n fue recibido por el Presidente Municipal, Toler Mario, el Secretario de<a class=\"moretag\" href=\"http:\/\/www.santaana.gob.ar\/home\/2017\/12\/15\/visita-del-delegado-de-la-secretaria-de-derechos-humanos-y-pluralismo-cultural-de-nacion-a-la-localidad-de-santa-ana\/\"><span class=\"screen-reader-text\">Leer m\u00e1s sobre Visita del delegado de la Secretar\u00eda de Derechos Humanos y Pluralismo Cultural de Naci\u00f3n a la localidad de Santa Ana<\/span>[&#8230;]<\/a><\/p>\n","protected":false},"author":1,"featured_media":364,"comment_status":"open","ping_status":"open","sticky":false,"template":"","format":"standard","meta":{"footnotes":""},"categories":[1],"tags":[],"class_list":["post-363","post","type-post","status-publish","format-standard","has-post-thumbnail","hentry","category-noticias"],"_links":{"self":[{"href":"http:\/\/www.santaana.gob.ar\/home\/wp-json\/wp\/v2\/posts\/363","targetHints":{"allow":["GET"]}}],"collection":[{"href":"http:\/\/www.santaana.gob.ar\/home\/wp-json\/wp\/v2\/posts"}],"about":[{"href":"http:\/\/www.santaana.gob.ar\/home\/wp-json\/wp\/v2\/types\/post"}],"author":[{"embeddable":true,"href":"http:\/\/www.santaana.gob.ar\/home\/wp-json\/wp\/v2\/users\/1"}],"replies":[{"embeddable":true,"href":"http:\/\/www.santaana.gob.ar\/home\/wp-json\/wp\/v2\/comments?post=363"}],"version-history":[{"count":1,"href":"http:\/\/www.santaana.gob.ar\/home\/wp-json\/wp\/v2\/posts\/363\/revisions"}],"predecessor-version":[{"id":365,"href":"http:\/\/www.santaana.gob.ar\/home\/wp-json\/wp\/v2\/posts\/363\/revisions\/365"}],"wp:featuredmedia":[{"embeddable":true,"href":"http:\/\/www.santaana.gob.ar\/home\/wp-json\/wp\/v2\/media\/364"}],"wp:attachment":[{"href":"http:\/\/www.santaana.gob.ar\/home\/wp-json\/wp\/v2\/media?parent=363"}],"wp:term":[{"taxonomy":"category","embeddable":true,"href":"http:\/\/www.santaana.gob.ar\/home\/wp-json\/wp\/v2\/categories?post=363"},{"taxonomy":"post_tag","embeddable":true,"href":"http:\/\/www.santaana.gob.ar\/home\/wp-json\/wp\/v2\/tags?post=363"}],"curies":[{"name":"wp","href":"https:\/\/api.w.org\/{rel}","templated":true}]}}