{"id":3627,"date":"2023-11-06T14:29:03","date_gmt":"2023-11-06T14:29:03","guid":{"rendered":"http:\/\/www.santaana.gob.ar\/home\/?p=3627"},"modified":"2023-11-06T14:29:03","modified_gmt":"2023-11-06T14:29:03","slug":"este-miercoles-habra-asueto-municipal","status":"publish","type":"post","link":"http:\/\/www.santaana.gob.ar\/home\/2023\/11\/06\/este-miercoles-habra-asueto-municipal\/","title":{"rendered":"ESTE MI\u00c9RCOLES HABR\u00c1 ASUETO MUNICIPAL"},"content":{"rendered":"<p>La Municipalidad de Santa Ana a trav\u00e9s del Decreto N\u00b0161\/2023 DE declara asueto administrativo este mi\u00e9rcoles 8 de noviembre con motivo de celebrarse el D\u00eda del Empleado Municipal y con el objetivo que los mismos puedan gozar de una jornada de descanso.<br \/>\n\u25aa Ese d\u00eda permanecer\u00e1n cerradas al p\u00fablico todas las dependencia municipales,  manteniendo con normalidad y en sus horarios habituales la recolecci\u00f3n de residuos.<\/p>\n","protected":false},"excerpt":{"rendered":"<p>La Municipalidad de Santa Ana a trav\u00e9s del Decreto N\u00b0161\/2023 DE declara asueto administrativo este mi\u00e9rcoles 8 de noviembre con motivo de celebrarse el D\u00eda del Empleado Municipal y con el objetivo que los mismos puedan gozar de una jornada de descanso. \u25aa Ese d\u00eda permanecer\u00e1n cerradas al p\u00fablico todas las dependencia municipales, manteniendo con<a class=\"moretag\" href=\"http:\/\/www.santaana.gob.ar\/home\/2023\/11\/06\/este-miercoles-habra-asueto-municipal\/\"><span class=\"screen-reader-text\">Leer m\u00e1s sobre ESTE MI\u00c9RCOLES HABR\u00c1 ASUETO MUNICIPAL<\/span>[&#8230;]<\/a><\/p>\n","protected":false},"author":1,"featured_media":3628,"comment_status":"open","ping_status":"open","sticky":false,"template":"","format":"standard","meta":{"footnotes":""},"categories":[1],"tags":[],"class_list":["post-3627","post","type-post","status-publish","format-standard","has-post-thumbnail","hentry","category-noticias"],"_links":{"self":[{"href":"http:\/\/www.santaana.gob.ar\/home\/wp-json\/wp\/v2\/posts\/3627","targetHints":{"allow":["GET"]}}],"collection":[{"href":"http:\/\/www.santaana.gob.ar\/home\/wp-json\/wp\/v2\/posts"}],"about":[{"href":"http:\/\/www.santaana.gob.ar\/home\/wp-json\/wp\/v2\/types\/post"}],"author":[{"embeddable":true,"href":"http:\/\/www.santaana.gob.ar\/home\/wp-json\/wp\/v2\/users\/1"}],"replies":[{"embeddable":true,"href":"http:\/\/www.santaana.gob.ar\/home\/wp-json\/wp\/v2\/comments?post=3627"}],"version-history":[{"count":1,"href":"http:\/\/www.santaana.gob.ar\/home\/wp-json\/wp\/v2\/posts\/3627\/revisions"}],"predecessor-version":[{"id":3629,"href":"http:\/\/www.santaana.gob.ar\/home\/wp-json\/wp\/v2\/posts\/3627\/revisions\/3629"}],"wp:featuredmedia":[{"embeddable":true,"href":"http:\/\/www.santaana.gob.ar\/home\/wp-json\/wp\/v2\/media\/3628"}],"wp:attachment":[{"href":"http:\/\/www.santaana.gob.ar\/home\/wp-json\/wp\/v2\/media?parent=3627"}],"wp:term":[{"taxonomy":"category","embeddable":true,"href":"http:\/\/www.santaana.gob.ar\/home\/wp-json\/wp\/v2\/categories?post=3627"},{"taxonomy":"post_tag","embeddable":true,"href":"http:\/\/www.santaana.gob.ar\/home\/wp-json\/wp\/v2\/tags?post=3627"}],"curies":[{"name":"wp","href":"https:\/\/api.w.org\/{rel}","templated":true}]}}