{"id":3619,"date":"2023-11-03T20:39:15","date_gmt":"2023-11-03T20:39:15","guid":{"rendered":"http:\/\/www.santaana.gob.ar\/home\/?p=3619"},"modified":"2023-11-03T20:39:15","modified_gmt":"2023-11-03T20:39:15","slug":"final-colonia-recreativa-municipal","status":"publish","type":"post","link":"http:\/\/www.santaana.gob.ar\/home\/2023\/11\/03\/final-colonia-recreativa-municipal\/","title":{"rendered":"FINAL COLONIA RECREATIVA MUNICIPAL"},"content":{"rendered":"<p>FINALIZARON LAS ACTIVIDADES DE LA COLONIA RECREATIVA DE LA MUNI 2023<br \/>\n\u25aa\ufe0f Se raliz\u00f3 el cierre de la Colonia que depende de la Direcci\u00f3n de Acci\u00f3n Social de la Municipalidad de Santa Ana.<br \/>\n\u25aa\ufe0f La misma llev\u00f3 adelante diferentes actividades durante los meses de agosto, septiembre y octubre destinadas a personas con discapacidad y a los adultos mayores de nuestra localidad.<br \/>\n\ud83d\ude4c Un gran agradecimiento para todos los que formaron parte.<\/p>\n","protected":false},"excerpt":{"rendered":"<p>FINALIZARON LAS ACTIVIDADES DE LA COLONIA RECREATIVA DE LA MUNI 2023 \u25aa\ufe0f Se raliz\u00f3 el cierre de la Colonia que depende de la Direcci\u00f3n de Acci\u00f3n Social de la Municipalidad de Santa Ana. \u25aa\ufe0f La misma llev\u00f3 adelante diferentes actividades durante los meses de agosto, septiembre y octubre destinadas a personas con discapacidad y a<a class=\"moretag\" href=\"http:\/\/www.santaana.gob.ar\/home\/2023\/11\/03\/final-colonia-recreativa-municipal\/\"><span class=\"screen-reader-text\">Leer m\u00e1s sobre FINAL COLONIA RECREATIVA MUNICIPAL<\/span>[&#8230;]<\/a><\/p>\n","protected":false},"author":1,"featured_media":3620,"comment_status":"open","ping_status":"open","sticky":false,"template":"","format":"standard","meta":{"footnotes":""},"categories":[1],"tags":[],"class_list":["post-3619","post","type-post","status-publish","format-standard","has-post-thumbnail","hentry","category-noticias"],"_links":{"self":[{"href":"http:\/\/www.santaana.gob.ar\/home\/wp-json\/wp\/v2\/posts\/3619","targetHints":{"allow":["GET"]}}],"collection":[{"href":"http:\/\/www.santaana.gob.ar\/home\/wp-json\/wp\/v2\/posts"}],"about":[{"href":"http:\/\/www.santaana.gob.ar\/home\/wp-json\/wp\/v2\/types\/post"}],"author":[{"embeddable":true,"href":"http:\/\/www.santaana.gob.ar\/home\/wp-json\/wp\/v2\/users\/1"}],"replies":[{"embeddable":true,"href":"http:\/\/www.santaana.gob.ar\/home\/wp-json\/wp\/v2\/comments?post=3619"}],"version-history":[{"count":1,"href":"http:\/\/www.santaana.gob.ar\/home\/wp-json\/wp\/v2\/posts\/3619\/revisions"}],"predecessor-version":[{"id":3621,"href":"http:\/\/www.santaana.gob.ar\/home\/wp-json\/wp\/v2\/posts\/3619\/revisions\/3621"}],"wp:featuredmedia":[{"embeddable":true,"href":"http:\/\/www.santaana.gob.ar\/home\/wp-json\/wp\/v2\/media\/3620"}],"wp:attachment":[{"href":"http:\/\/www.santaana.gob.ar\/home\/wp-json\/wp\/v2\/media?parent=3619"}],"wp:term":[{"taxonomy":"category","embeddable":true,"href":"http:\/\/www.santaana.gob.ar\/home\/wp-json\/wp\/v2\/categories?post=3619"},{"taxonomy":"post_tag","embeddable":true,"href":"http:\/\/www.santaana.gob.ar\/home\/wp-json\/wp\/v2\/tags?post=3619"}],"curies":[{"name":"wp","href":"https:\/\/api.w.org\/{rel}","templated":true}]}}