{"id":3607,"date":"2023-10-31T21:15:33","date_gmt":"2023-10-31T21:15:33","guid":{"rendered":"http:\/\/www.santaana.gob.ar\/home\/?p=3607"},"modified":"2023-10-31T21:15:33","modified_gmt":"2023-10-31T21:15:33","slug":"llego-la-jubilacion-de-horacio","status":"publish","type":"post","link":"http:\/\/www.santaana.gob.ar\/home\/2023\/10\/31\/llego-la-jubilacion-de-horacio\/","title":{"rendered":"LLEG\u00d3 LA JUBILACI\u00d3N DE HORACIO"},"content":{"rendered":"<p>Horacio Beguiristain era, hasta hoy, personal de la Municipalidad de Santa Ana. Se desempe\u00f1aba como carpintero y artesano en el \u00e1rea de Obras y Servicios P\u00fablicos.<br \/>\n\u00abNos quedamos con la responsabilidad y entrega que siempre tuvo por su trabajo. Horacio siempre fue un buen compa\u00f1ero y una gran persona\u00bb manifest\u00f3 el Intendente Rogelio Zanandrea<br \/>\nSin dudas una nueva etapa comienza, a disfrutarla. \u00a1Felicitaciones Horacio !!!<\/p>\n","protected":false},"excerpt":{"rendered":"<p>Horacio Beguiristain era, hasta hoy, personal de la Municipalidad de Santa Ana. Se desempe\u00f1aba como carpintero y artesano en el \u00e1rea de Obras y Servicios P\u00fablicos. \u00abNos quedamos con la responsabilidad y entrega que siempre tuvo por su trabajo. Horacio siempre fue un buen compa\u00f1ero y una gran persona\u00bb manifest\u00f3 el Intendente Rogelio Zanandrea Sin<a class=\"moretag\" href=\"http:\/\/www.santaana.gob.ar\/home\/2023\/10\/31\/llego-la-jubilacion-de-horacio\/\"><span class=\"screen-reader-text\">Leer m\u00e1s sobre LLEG\u00d3 LA JUBILACI\u00d3N DE HORACIO<\/span>[&#8230;]<\/a><\/p>\n","protected":false},"author":1,"featured_media":3608,"comment_status":"open","ping_status":"open","sticky":false,"template":"","format":"standard","meta":{"footnotes":""},"categories":[1],"tags":[],"class_list":["post-3607","post","type-post","status-publish","format-standard","has-post-thumbnail","hentry","category-noticias"],"_links":{"self":[{"href":"http:\/\/www.santaana.gob.ar\/home\/wp-json\/wp\/v2\/posts\/3607","targetHints":{"allow":["GET"]}}],"collection":[{"href":"http:\/\/www.santaana.gob.ar\/home\/wp-json\/wp\/v2\/posts"}],"about":[{"href":"http:\/\/www.santaana.gob.ar\/home\/wp-json\/wp\/v2\/types\/post"}],"author":[{"embeddable":true,"href":"http:\/\/www.santaana.gob.ar\/home\/wp-json\/wp\/v2\/users\/1"}],"replies":[{"embeddable":true,"href":"http:\/\/www.santaana.gob.ar\/home\/wp-json\/wp\/v2\/comments?post=3607"}],"version-history":[{"count":1,"href":"http:\/\/www.santaana.gob.ar\/home\/wp-json\/wp\/v2\/posts\/3607\/revisions"}],"predecessor-version":[{"id":3609,"href":"http:\/\/www.santaana.gob.ar\/home\/wp-json\/wp\/v2\/posts\/3607\/revisions\/3609"}],"wp:featuredmedia":[{"embeddable":true,"href":"http:\/\/www.santaana.gob.ar\/home\/wp-json\/wp\/v2\/media\/3608"}],"wp:attachment":[{"href":"http:\/\/www.santaana.gob.ar\/home\/wp-json\/wp\/v2\/media?parent=3607"}],"wp:term":[{"taxonomy":"category","embeddable":true,"href":"http:\/\/www.santaana.gob.ar\/home\/wp-json\/wp\/v2\/categories?post=3607"},{"taxonomy":"post_tag","embeddable":true,"href":"http:\/\/www.santaana.gob.ar\/home\/wp-json\/wp\/v2\/tags?post=3607"}],"curies":[{"name":"wp","href":"https:\/\/api.w.org\/{rel}","templated":true}]}}