{"id":3594,"date":"2023-10-23T14:29:31","date_gmt":"2023-10-23T14:29:31","guid":{"rendered":"http:\/\/www.santaana.gob.ar\/home\/?p=3594"},"modified":"2023-10-23T14:29:31","modified_gmt":"2023-10-23T14:29:31","slug":"jornada-en-reserva-rio-mocoreta","status":"publish","type":"post","link":"http:\/\/www.santaana.gob.ar\/home\/2023\/10\/23\/jornada-en-reserva-rio-mocoreta\/","title":{"rendered":"JORNADA EN RESERVA R\u00cdO MOCORET\u00c1"},"content":{"rendered":"<p>JORNADA EN LA RESERVA BIPROVINCIAL DEL R\u00cdO MOCORET\u00c1<br \/>\nEl pasado viernes 20 de octubre personal de la Municipalidad de Santa Ana particip\u00f3 de una jornada a campo para colecta e identificaci\u00f3n de plantas nativas madres organizado por la CTM de Salto Grande.<br \/>\n\u25aa\ufe0f De la jornada participaron tambi\u00e9n los municipios de Chajar\u00ed, Mocoret\u00e1 y Villa del Rosario.<\/p>\n","protected":false},"excerpt":{"rendered":"<p>JORNADA EN LA RESERVA BIPROVINCIAL DEL R\u00cdO MOCORET\u00c1 El pasado viernes 20 de octubre personal de la Municipalidad de Santa Ana particip\u00f3 de una jornada a campo para colecta e identificaci\u00f3n de plantas nativas madres organizado por la CTM de Salto Grande. \u25aa\ufe0f De la jornada participaron tambi\u00e9n los municipios de Chajar\u00ed, Mocoret\u00e1 y Villa<a class=\"moretag\" href=\"http:\/\/www.santaana.gob.ar\/home\/2023\/10\/23\/jornada-en-reserva-rio-mocoreta\/\"><span class=\"screen-reader-text\">Leer m\u00e1s sobre JORNADA EN RESERVA R\u00cdO MOCORET\u00c1<\/span>[&#8230;]<\/a><\/p>\n","protected":false},"author":1,"featured_media":3595,"comment_status":"open","ping_status":"open","sticky":false,"template":"","format":"standard","meta":{"footnotes":""},"categories":[1],"tags":[],"class_list":["post-3594","post","type-post","status-publish","format-standard","has-post-thumbnail","hentry","category-noticias"],"_links":{"self":[{"href":"http:\/\/www.santaana.gob.ar\/home\/wp-json\/wp\/v2\/posts\/3594","targetHints":{"allow":["GET"]}}],"collection":[{"href":"http:\/\/www.santaana.gob.ar\/home\/wp-json\/wp\/v2\/posts"}],"about":[{"href":"http:\/\/www.santaana.gob.ar\/home\/wp-json\/wp\/v2\/types\/post"}],"author":[{"embeddable":true,"href":"http:\/\/www.santaana.gob.ar\/home\/wp-json\/wp\/v2\/users\/1"}],"replies":[{"embeddable":true,"href":"http:\/\/www.santaana.gob.ar\/home\/wp-json\/wp\/v2\/comments?post=3594"}],"version-history":[{"count":1,"href":"http:\/\/www.santaana.gob.ar\/home\/wp-json\/wp\/v2\/posts\/3594\/revisions"}],"predecessor-version":[{"id":3596,"href":"http:\/\/www.santaana.gob.ar\/home\/wp-json\/wp\/v2\/posts\/3594\/revisions\/3596"}],"wp:featuredmedia":[{"embeddable":true,"href":"http:\/\/www.santaana.gob.ar\/home\/wp-json\/wp\/v2\/media\/3595"}],"wp:attachment":[{"href":"http:\/\/www.santaana.gob.ar\/home\/wp-json\/wp\/v2\/media?parent=3594"}],"wp:term":[{"taxonomy":"category","embeddable":true,"href":"http:\/\/www.santaana.gob.ar\/home\/wp-json\/wp\/v2\/categories?post=3594"},{"taxonomy":"post_tag","embeddable":true,"href":"http:\/\/www.santaana.gob.ar\/home\/wp-json\/wp\/v2\/tags?post=3594"}],"curies":[{"name":"wp","href":"https:\/\/api.w.org\/{rel}","templated":true}]}}