{"id":3585,"date":"2023-10-18T18:34:42","date_gmt":"2023-10-18T18:34:42","guid":{"rendered":"http:\/\/www.santaana.gob.ar\/home\/?p=3585"},"modified":"2023-10-18T18:34:42","modified_gmt":"2023-10-18T18:34:42","slug":"126-aniversario-de-santa-ana","status":"publish","type":"post","link":"http:\/\/www.santaana.gob.ar\/home\/2023\/10\/18\/126-aniversario-de-santa-ana\/","title":{"rendered":"126 ANIVERSARIO DE SANTA ANA"},"content":{"rendered":"<p>CUMPLIMOS 126 A\u00d1OS! \u2764<br \/>\n\u25aa De aquellas tierras fraccionadas hasta hoy, de aquellos pobladores del 1800 a la actualidad pasaron 126 a\u00f1os. Tiempo en el que nuestra ciudad se fue transformando y creciendo.<br \/>\n\u25aa Hoy nuestra ciudad est\u00e1 cumpliendo a\u00f1os y no queremos olvidar a nuestro fundador Cupertino Ota\u00f1o, ni a todos los que pasaron, vivieron, fueron y vinieron por aqu\u00ed.<br \/>\n\ud83d\ude4c Esta ciudad te recibe, te invita, te cuida y te quiere. \u00a1Feliz cumplea\u00f1os santanenses! \u00a1Celebremos con orgullo!<\/p>\n","protected":false},"excerpt":{"rendered":"<p>CUMPLIMOS 126 A\u00d1OS! \u2764 \u25aa De aquellas tierras fraccionadas hasta hoy, de aquellos pobladores del 1800 a la actualidad pasaron 126 a\u00f1os. Tiempo en el que nuestra ciudad se fue transformando y creciendo. \u25aa Hoy nuestra ciudad est\u00e1 cumpliendo a\u00f1os y no queremos olvidar a nuestro fundador Cupertino Ota\u00f1o, ni a todos los que pasaron,<a class=\"moretag\" href=\"http:\/\/www.santaana.gob.ar\/home\/2023\/10\/18\/126-aniversario-de-santa-ana\/\"><span class=\"screen-reader-text\">Leer m\u00e1s sobre 126 ANIVERSARIO DE SANTA ANA<\/span>[&#8230;]<\/a><\/p>\n","protected":false},"author":1,"featured_media":3586,"comment_status":"open","ping_status":"open","sticky":false,"template":"","format":"standard","meta":{"footnotes":""},"categories":[1],"tags":[],"class_list":["post-3585","post","type-post","status-publish","format-standard","has-post-thumbnail","hentry","category-noticias"],"_links":{"self":[{"href":"http:\/\/www.santaana.gob.ar\/home\/wp-json\/wp\/v2\/posts\/3585","targetHints":{"allow":["GET"]}}],"collection":[{"href":"http:\/\/www.santaana.gob.ar\/home\/wp-json\/wp\/v2\/posts"}],"about":[{"href":"http:\/\/www.santaana.gob.ar\/home\/wp-json\/wp\/v2\/types\/post"}],"author":[{"embeddable":true,"href":"http:\/\/www.santaana.gob.ar\/home\/wp-json\/wp\/v2\/users\/1"}],"replies":[{"embeddable":true,"href":"http:\/\/www.santaana.gob.ar\/home\/wp-json\/wp\/v2\/comments?post=3585"}],"version-history":[{"count":1,"href":"http:\/\/www.santaana.gob.ar\/home\/wp-json\/wp\/v2\/posts\/3585\/revisions"}],"predecessor-version":[{"id":3587,"href":"http:\/\/www.santaana.gob.ar\/home\/wp-json\/wp\/v2\/posts\/3585\/revisions\/3587"}],"wp:featuredmedia":[{"embeddable":true,"href":"http:\/\/www.santaana.gob.ar\/home\/wp-json\/wp\/v2\/media\/3586"}],"wp:attachment":[{"href":"http:\/\/www.santaana.gob.ar\/home\/wp-json\/wp\/v2\/media?parent=3585"}],"wp:term":[{"taxonomy":"category","embeddable":true,"href":"http:\/\/www.santaana.gob.ar\/home\/wp-json\/wp\/v2\/categories?post=3585"},{"taxonomy":"post_tag","embeddable":true,"href":"http:\/\/www.santaana.gob.ar\/home\/wp-json\/wp\/v2\/tags?post=3585"}],"curies":[{"name":"wp","href":"https:\/\/api.w.org\/{rel}","templated":true}]}}