{"id":3582,"date":"2023-10-12T12:34:21","date_gmt":"2023-10-12T12:34:21","guid":{"rendered":"http:\/\/www.santaana.gob.ar\/home\/?p=3582"},"modified":"2023-10-12T12:34:21","modified_gmt":"2023-10-12T12:34:21","slug":"las-obras-de-perforacion-termal-continuan-con-normalidad","status":"publish","type":"post","link":"http:\/\/www.santaana.gob.ar\/home\/2023\/10\/12\/las-obras-de-perforacion-termal-continuan-con-normalidad\/","title":{"rendered":"LAS OBRAS DE PERFORACI\u00d3N TERMAL CONTINUAN CON NORMALIDAD"},"content":{"rendered":"<p>Ayer recibimos la visita del Ministro de Planeamiento de la Provincia, Arq. Marcelo Richard, del Presidente del Ente Regulador Termal de Entre R\u00edos, Ram\u00f3n Barrera, funcionarios provinciales y municipales.<br \/>\n\u25aa\ufe0f Las autoridades junto al ge\u00f3logo Daniel M\u00e1rsico, a los ingenieros y jefes de operaciones de la empresa Velitec S.A. recorrieron las obras de la Perforaci\u00f3n Termal de Santa Ana, la cual se encuentra en marcha con normalidad de acuerdo al proyecto y esquema original.<br \/>\n\u25aa\ufe0f Asimismo y a pedido de la empresa contratista Velitec, esta obra, sufri\u00f3 una reprogramaci\u00f3n del sondeo en los trabajos exploratorios debido a problemas de filtraciones en los primeros cincuenta metros de perforaci\u00f3n, siendo necesario relocalizar a 10 metros de distancia dentro del mismo predio de la torre de la m\u00e1quina perforadora.<br \/>\n\u25aa\ufe0f Esta modificaci\u00f3n significa otorgar a la empresa un nuevo plazo de obra de setenta y cuatro d\u00edas con el mismo esquema financiero y dem\u00e1s condiciones establecidas en los pliegos licitatorios.<br \/>\n\u25aa\ufe0f El nuevo plan de obra y adenda al contrato de obra p\u00fablica entre la Municipalidad de Santa Ana y Velitec S.A. fue aprobado por unanimidad por el Concejo Deliberante de la Municipalidad de Santa Ana mediante Ordenanza N\u00b0 20\/2023 H.C.D.M.S.A. de fecha 09\/10\/2023.<\/p>\n","protected":false},"excerpt":{"rendered":"<p>Ayer recibimos la visita del Ministro de Planeamiento de la Provincia, Arq. Marcelo Richard, del Presidente del Ente Regulador Termal de Entre R\u00edos, Ram\u00f3n Barrera, funcionarios provinciales y municipales. \u25aa\ufe0f Las autoridades junto al ge\u00f3logo Daniel M\u00e1rsico, a los ingenieros y jefes de operaciones de la empresa Velitec S.A. recorrieron las obras de la Perforaci\u00f3n<a class=\"moretag\" href=\"http:\/\/www.santaana.gob.ar\/home\/2023\/10\/12\/las-obras-de-perforacion-termal-continuan-con-normalidad\/\"><span class=\"screen-reader-text\">Leer m\u00e1s sobre LAS OBRAS DE PERFORACI\u00d3N TERMAL CONTINUAN CON NORMALIDAD<\/span>[&#8230;]<\/a><\/p>\n","protected":false},"author":1,"featured_media":3583,"comment_status":"open","ping_status":"open","sticky":false,"template":"","format":"standard","meta":{"footnotes":""},"categories":[1],"tags":[],"class_list":["post-3582","post","type-post","status-publish","format-standard","has-post-thumbnail","hentry","category-noticias"],"_links":{"self":[{"href":"http:\/\/www.santaana.gob.ar\/home\/wp-json\/wp\/v2\/posts\/3582","targetHints":{"allow":["GET"]}}],"collection":[{"href":"http:\/\/www.santaana.gob.ar\/home\/wp-json\/wp\/v2\/posts"}],"about":[{"href":"http:\/\/www.santaana.gob.ar\/home\/wp-json\/wp\/v2\/types\/post"}],"author":[{"embeddable":true,"href":"http:\/\/www.santaana.gob.ar\/home\/wp-json\/wp\/v2\/users\/1"}],"replies":[{"embeddable":true,"href":"http:\/\/www.santaana.gob.ar\/home\/wp-json\/wp\/v2\/comments?post=3582"}],"version-history":[{"count":1,"href":"http:\/\/www.santaana.gob.ar\/home\/wp-json\/wp\/v2\/posts\/3582\/revisions"}],"predecessor-version":[{"id":3584,"href":"http:\/\/www.santaana.gob.ar\/home\/wp-json\/wp\/v2\/posts\/3582\/revisions\/3584"}],"wp:featuredmedia":[{"embeddable":true,"href":"http:\/\/www.santaana.gob.ar\/home\/wp-json\/wp\/v2\/media\/3583"}],"wp:attachment":[{"href":"http:\/\/www.santaana.gob.ar\/home\/wp-json\/wp\/v2\/media?parent=3582"}],"wp:term":[{"taxonomy":"category","embeddable":true,"href":"http:\/\/www.santaana.gob.ar\/home\/wp-json\/wp\/v2\/categories?post=3582"},{"taxonomy":"post_tag","embeddable":true,"href":"http:\/\/www.santaana.gob.ar\/home\/wp-json\/wp\/v2\/tags?post=3582"}],"curies":[{"name":"wp","href":"https:\/\/api.w.org\/{rel}","templated":true}]}}