{"id":3579,"date":"2023-10-11T20:38:08","date_gmt":"2023-10-11T20:38:08","guid":{"rendered":"http:\/\/www.santaana.gob.ar\/home\/?p=3579"},"modified":"2023-10-11T20:38:08","modified_gmt":"2023-10-11T20:38:08","slug":"capacitacion-para-autoridades-de-mesa-5","status":"publish","type":"post","link":"http:\/\/www.santaana.gob.ar\/home\/2023\/10\/11\/capacitacion-para-autoridades-de-mesa-5\/","title":{"rendered":"CAPACITACI\u00d3N PARA AUTORIDADES DE MESA"},"content":{"rendered":"<p>La Municipalidad de Santa Ana informa que el pr\u00f3ximo mi\u00e9rcoles 18 de octubre se llevar\u00e1 a cabo la capacitaci\u00f3n para las autoridades de mesa para las pr\u00f3ximas elecciones generales.<br \/>\n\u2139\ufe0f La misma se realizar\u00e1 a partir de las 20 horas en el edificio NIDO, ubicado en calle 9 de julio entre calles J.J. de San Mart\u00edn y Cupertino Ota\u00f1o.<br \/>\n\ud83d\udc49 Importante concurrir con la designaci\u00f3n correspondiente para recibir constancia de asistencia.<\/p>\n","protected":false},"excerpt":{"rendered":"<p>La Municipalidad de Santa Ana informa que el pr\u00f3ximo mi\u00e9rcoles 18 de octubre se llevar\u00e1 a cabo la capacitaci\u00f3n para las autoridades de mesa para las pr\u00f3ximas elecciones generales. \u2139\ufe0f La misma se realizar\u00e1 a partir de las 20 horas en el edificio NIDO, ubicado en calle 9 de julio entre calles J.J. de San<a class=\"moretag\" href=\"http:\/\/www.santaana.gob.ar\/home\/2023\/10\/11\/capacitacion-para-autoridades-de-mesa-5\/\"><span class=\"screen-reader-text\">Leer m\u00e1s sobre CAPACITACI\u00d3N PARA AUTORIDADES DE MESA<\/span>[&#8230;]<\/a><\/p>\n","protected":false},"author":1,"featured_media":3580,"comment_status":"open","ping_status":"open","sticky":false,"template":"","format":"standard","meta":{"footnotes":""},"categories":[1],"tags":[],"class_list":["post-3579","post","type-post","status-publish","format-standard","has-post-thumbnail","hentry","category-noticias"],"_links":{"self":[{"href":"http:\/\/www.santaana.gob.ar\/home\/wp-json\/wp\/v2\/posts\/3579","targetHints":{"allow":["GET"]}}],"collection":[{"href":"http:\/\/www.santaana.gob.ar\/home\/wp-json\/wp\/v2\/posts"}],"about":[{"href":"http:\/\/www.santaana.gob.ar\/home\/wp-json\/wp\/v2\/types\/post"}],"author":[{"embeddable":true,"href":"http:\/\/www.santaana.gob.ar\/home\/wp-json\/wp\/v2\/users\/1"}],"replies":[{"embeddable":true,"href":"http:\/\/www.santaana.gob.ar\/home\/wp-json\/wp\/v2\/comments?post=3579"}],"version-history":[{"count":1,"href":"http:\/\/www.santaana.gob.ar\/home\/wp-json\/wp\/v2\/posts\/3579\/revisions"}],"predecessor-version":[{"id":3581,"href":"http:\/\/www.santaana.gob.ar\/home\/wp-json\/wp\/v2\/posts\/3579\/revisions\/3581"}],"wp:featuredmedia":[{"embeddable":true,"href":"http:\/\/www.santaana.gob.ar\/home\/wp-json\/wp\/v2\/media\/3580"}],"wp:attachment":[{"href":"http:\/\/www.santaana.gob.ar\/home\/wp-json\/wp\/v2\/media?parent=3579"}],"wp:term":[{"taxonomy":"category","embeddable":true,"href":"http:\/\/www.santaana.gob.ar\/home\/wp-json\/wp\/v2\/categories?post=3579"},{"taxonomy":"post_tag","embeddable":true,"href":"http:\/\/www.santaana.gob.ar\/home\/wp-json\/wp\/v2\/tags?post=3579"}],"curies":[{"name":"wp","href":"https:\/\/api.w.org\/{rel}","templated":true}]}}