{"id":3575,"date":"2023-10-11T20:33:02","date_gmt":"2023-10-11T20:33:02","guid":{"rendered":"http:\/\/www.santaana.gob.ar\/home\/?p=3575"},"modified":"2023-10-11T20:33:02","modified_gmt":"2023-10-11T20:33:02","slug":"recoleccion-de-residuos-7","status":"publish","type":"post","link":"http:\/\/www.santaana.gob.ar\/home\/2023\/10\/11\/recoleccion-de-residuos-7\/","title":{"rendered":"RECOLECCI\u00d3N DE RESIDUOS"},"content":{"rendered":"<p>RECOLECCI\u00d3N DE RESIDUOS PARA ESTE FINDE LARGO<br \/>\n\u2139\ufe0f La Direcci\u00f3n de Obras y Servicios P\u00fablicos de la Municipalidad de Santa Ana informa a la comunidad que la recolecci\u00f3n de residuos para los d\u00edas viernes 13 y lunes 16, feriados nacionales, se realizar\u00e1 normalmente y en los horarios habituales de 7 a 9 horas.<\/p>\n","protected":false},"excerpt":{"rendered":"<p>RECOLECCI\u00d3N DE RESIDUOS PARA ESTE FINDE LARGO \u2139\ufe0f La Direcci\u00f3n de Obras y Servicios P\u00fablicos de la Municipalidad de Santa Ana informa a la comunidad que la recolecci\u00f3n de residuos para los d\u00edas viernes 13 y lunes 16, feriados nacionales, se realizar\u00e1 normalmente y en los horarios habituales de 7 a 9 horas.<\/p>\n","protected":false},"author":1,"featured_media":3258,"comment_status":"open","ping_status":"open","sticky":false,"template":"","format":"standard","meta":{"footnotes":""},"categories":[1],"tags":[],"class_list":["post-3575","post","type-post","status-publish","format-standard","has-post-thumbnail","hentry","category-noticias"],"_links":{"self":[{"href":"http:\/\/www.santaana.gob.ar\/home\/wp-json\/wp\/v2\/posts\/3575","targetHints":{"allow":["GET"]}}],"collection":[{"href":"http:\/\/www.santaana.gob.ar\/home\/wp-json\/wp\/v2\/posts"}],"about":[{"href":"http:\/\/www.santaana.gob.ar\/home\/wp-json\/wp\/v2\/types\/post"}],"author":[{"embeddable":true,"href":"http:\/\/www.santaana.gob.ar\/home\/wp-json\/wp\/v2\/users\/1"}],"replies":[{"embeddable":true,"href":"http:\/\/www.santaana.gob.ar\/home\/wp-json\/wp\/v2\/comments?post=3575"}],"version-history":[{"count":1,"href":"http:\/\/www.santaana.gob.ar\/home\/wp-json\/wp\/v2\/posts\/3575\/revisions"}],"predecessor-version":[{"id":3576,"href":"http:\/\/www.santaana.gob.ar\/home\/wp-json\/wp\/v2\/posts\/3575\/revisions\/3576"}],"wp:featuredmedia":[{"embeddable":true,"href":"http:\/\/www.santaana.gob.ar\/home\/wp-json\/wp\/v2\/media\/3258"}],"wp:attachment":[{"href":"http:\/\/www.santaana.gob.ar\/home\/wp-json\/wp\/v2\/media?parent=3575"}],"wp:term":[{"taxonomy":"category","embeddable":true,"href":"http:\/\/www.santaana.gob.ar\/home\/wp-json\/wp\/v2\/categories?post=3575"},{"taxonomy":"post_tag","embeddable":true,"href":"http:\/\/www.santaana.gob.ar\/home\/wp-json\/wp\/v2\/tags?post=3575"}],"curies":[{"name":"wp","href":"https:\/\/api.w.org\/{rel}","templated":true}]}}