{"id":3573,"date":"2023-10-11T19:59:27","date_gmt":"2023-10-11T19:59:27","guid":{"rendered":"http:\/\/www.santaana.gob.ar\/home\/?p=3573"},"modified":"2023-10-11T19:59:27","modified_gmt":"2023-10-11T19:59:27","slug":"importante-anses-2","status":"publish","type":"post","link":"http:\/\/www.santaana.gob.ar\/home\/2023\/10\/11\/importante-anses-2\/","title":{"rendered":"IMPORTANTE: ANSES"},"content":{"rendered":"<p>ANSES ATENDER\u00c1 EN SANTA ANA<br \/>\n\u2139\ufe0f Ser\u00e1 el mi\u00e9rcoles 18 de octubre en el horario de 8 a 13. Los interesados deber\u00e1n inscribirse previamente en las oficinas de la Direcci\u00f3n de Acci\u00f3n Social, en las instalaciones del NIDO, de lunes a viernes de 7 a 13 horas.<br \/>\n\ud83d\udc49 La atenci\u00f3n ser\u00e1 \u00fanicamente con turno previo.<\/p>\n","protected":false},"excerpt":{"rendered":"<p>ANSES ATENDER\u00c1 EN SANTA ANA \u2139\ufe0f Ser\u00e1 el mi\u00e9rcoles 18 de octubre en el horario de 8 a 13. Los interesados deber\u00e1n inscribirse previamente en las oficinas de la Direcci\u00f3n de Acci\u00f3n Social, en las instalaciones del NIDO, de lunes a viernes de 7 a 13 horas. \ud83d\udc49 La atenci\u00f3n ser\u00e1 \u00fanicamente con turno previo.<\/p>\n","protected":false},"author":1,"featured_media":2927,"comment_status":"open","ping_status":"open","sticky":false,"template":"","format":"standard","meta":{"footnotes":""},"categories":[1],"tags":[],"class_list":["post-3573","post","type-post","status-publish","format-standard","has-post-thumbnail","hentry","category-noticias"],"_links":{"self":[{"href":"http:\/\/www.santaana.gob.ar\/home\/wp-json\/wp\/v2\/posts\/3573","targetHints":{"allow":["GET"]}}],"collection":[{"href":"http:\/\/www.santaana.gob.ar\/home\/wp-json\/wp\/v2\/posts"}],"about":[{"href":"http:\/\/www.santaana.gob.ar\/home\/wp-json\/wp\/v2\/types\/post"}],"author":[{"embeddable":true,"href":"http:\/\/www.santaana.gob.ar\/home\/wp-json\/wp\/v2\/users\/1"}],"replies":[{"embeddable":true,"href":"http:\/\/www.santaana.gob.ar\/home\/wp-json\/wp\/v2\/comments?post=3573"}],"version-history":[{"count":1,"href":"http:\/\/www.santaana.gob.ar\/home\/wp-json\/wp\/v2\/posts\/3573\/revisions"}],"predecessor-version":[{"id":3574,"href":"http:\/\/www.santaana.gob.ar\/home\/wp-json\/wp\/v2\/posts\/3573\/revisions\/3574"}],"wp:featuredmedia":[{"embeddable":true,"href":"http:\/\/www.santaana.gob.ar\/home\/wp-json\/wp\/v2\/media\/2927"}],"wp:attachment":[{"href":"http:\/\/www.santaana.gob.ar\/home\/wp-json\/wp\/v2\/media?parent=3573"}],"wp:term":[{"taxonomy":"category","embeddable":true,"href":"http:\/\/www.santaana.gob.ar\/home\/wp-json\/wp\/v2\/categories?post=3573"},{"taxonomy":"post_tag","embeddable":true,"href":"http:\/\/www.santaana.gob.ar\/home\/wp-json\/wp\/v2\/tags?post=3573"}],"curies":[{"name":"wp","href":"https:\/\/api.w.org\/{rel}","templated":true}]}}