{"id":3570,"date":"2023-10-09T13:08:41","date_gmt":"2023-10-09T13:08:41","guid":{"rendered":"http:\/\/www.santaana.gob.ar\/home\/?p=3570"},"modified":"2023-10-09T13:08:41","modified_gmt":"2023-10-09T13:08:41","slug":"final-del-duatlon-jeep-en-santa-ana","status":"publish","type":"post","link":"http:\/\/www.santaana.gob.ar\/home\/2023\/10\/09\/final-del-duatlon-jeep-en-santa-ana\/","title":{"rendered":"FINAL DEL DUATLON JEEP EN SANTA ANA"},"content":{"rendered":"<p>ESTE DOMINGO SE CORRI\u00d3 LA FINAL DEL DUATLON JEEP EN SANTA ANA<br \/>\nUna vez m\u00e1s nuestra localidad fue escenario de un gran evento deportivo, en esta oportunidad fuimos anfitriones de la \u00faltima fecha del Duatl\u00f3n Jeep donde participaron atletas de diferentes localidades de la provincia y de la Rep\u00fablica Oriental del Uruguay.<br \/>\nMuchas gracias a la Asociaci\u00f3n Concordiense de Pruebas Combinadas por elegir nuestro atractivo circuito para una final.<br \/>\n\u00a1Felicitaciones para todos!<br \/>\nFoto: Jos\u00e9 Berterame<\/p>\n","protected":false},"excerpt":{"rendered":"<p>ESTE DOMINGO SE CORRI\u00d3 LA FINAL DEL DUATLON JEEP EN SANTA ANA Una vez m\u00e1s nuestra localidad fue escenario de un gran evento deportivo, en esta oportunidad fuimos anfitriones de la \u00faltima fecha del Duatl\u00f3n Jeep donde participaron atletas de diferentes localidades de la provincia y de la Rep\u00fablica Oriental del Uruguay. Muchas gracias a<a class=\"moretag\" href=\"http:\/\/www.santaana.gob.ar\/home\/2023\/10\/09\/final-del-duatlon-jeep-en-santa-ana\/\"><span class=\"screen-reader-text\">Leer m\u00e1s sobre FINAL DEL DUATLON JEEP EN SANTA ANA<\/span>[&#8230;]<\/a><\/p>\n","protected":false},"author":1,"featured_media":3571,"comment_status":"open","ping_status":"open","sticky":false,"template":"","format":"standard","meta":{"footnotes":""},"categories":[1],"tags":[],"class_list":["post-3570","post","type-post","status-publish","format-standard","has-post-thumbnail","hentry","category-noticias"],"_links":{"self":[{"href":"http:\/\/www.santaana.gob.ar\/home\/wp-json\/wp\/v2\/posts\/3570","targetHints":{"allow":["GET"]}}],"collection":[{"href":"http:\/\/www.santaana.gob.ar\/home\/wp-json\/wp\/v2\/posts"}],"about":[{"href":"http:\/\/www.santaana.gob.ar\/home\/wp-json\/wp\/v2\/types\/post"}],"author":[{"embeddable":true,"href":"http:\/\/www.santaana.gob.ar\/home\/wp-json\/wp\/v2\/users\/1"}],"replies":[{"embeddable":true,"href":"http:\/\/www.santaana.gob.ar\/home\/wp-json\/wp\/v2\/comments?post=3570"}],"version-history":[{"count":1,"href":"http:\/\/www.santaana.gob.ar\/home\/wp-json\/wp\/v2\/posts\/3570\/revisions"}],"predecessor-version":[{"id":3572,"href":"http:\/\/www.santaana.gob.ar\/home\/wp-json\/wp\/v2\/posts\/3570\/revisions\/3572"}],"wp:featuredmedia":[{"embeddable":true,"href":"http:\/\/www.santaana.gob.ar\/home\/wp-json\/wp\/v2\/media\/3571"}],"wp:attachment":[{"href":"http:\/\/www.santaana.gob.ar\/home\/wp-json\/wp\/v2\/media?parent=3570"}],"wp:term":[{"taxonomy":"category","embeddable":true,"href":"http:\/\/www.santaana.gob.ar\/home\/wp-json\/wp\/v2\/categories?post=3570"},{"taxonomy":"post_tag","embeddable":true,"href":"http:\/\/www.santaana.gob.ar\/home\/wp-json\/wp\/v2\/tags?post=3570"}],"curies":[{"name":"wp","href":"https:\/\/api.w.org\/{rel}","templated":true}]}}