{"id":3557,"date":"2023-10-02T22:25:57","date_gmt":"2023-10-02T22:25:57","guid":{"rendered":"http:\/\/www.santaana.gob.ar\/home\/?p=3557"},"modified":"2023-10-02T22:25:57","modified_gmt":"2023-10-02T22:25:57","slug":"maraton-ciudad-de-santa-2023","status":"publish","type":"post","link":"http:\/\/www.santaana.gob.ar\/home\/2023\/10\/02\/maraton-ciudad-de-santa-2023\/","title":{"rendered":"MARAT\u00d3N CIUDAD DE SANTA 2023"},"content":{"rendered":"<p>Este domingo 1ero de octubre se llev\u00f3 a cabo la 8\u00b0 Edici\u00f3n de la Marat\u00f3n con una gran participaci\u00f3n de atletas no s\u00f3lo de nuestra provincia sino tambi\u00e9n de Buenos Aires, Chaco, Misiones,  Corrientes y de Uruguay.<br \/>\n\u25aa\ufe0f A las 9.30 horas inici\u00f3 con la largada de los infantiles y a las 10 horas con los mayores.<br \/>\n\ud83d\udc4f Felicitaciones a todos los que participaron de esta gran jornada deportiva.<\/p>\n","protected":false},"excerpt":{"rendered":"<p>Este domingo 1ero de octubre se llev\u00f3 a cabo la 8\u00b0 Edici\u00f3n de la Marat\u00f3n con una gran participaci\u00f3n de atletas no s\u00f3lo de nuestra provincia sino tambi\u00e9n de Buenos Aires, Chaco, Misiones, Corrientes y de Uruguay. \u25aa\ufe0f A las 9.30 horas inici\u00f3 con la largada de los infantiles y a las 10 horas con<a class=\"moretag\" href=\"http:\/\/www.santaana.gob.ar\/home\/2023\/10\/02\/maraton-ciudad-de-santa-2023\/\"><span class=\"screen-reader-text\">Leer m\u00e1s sobre MARAT\u00d3N CIUDAD DE SANTA 2023<\/span>[&#8230;]<\/a><\/p>\n","protected":false},"author":1,"featured_media":3558,"comment_status":"open","ping_status":"open","sticky":false,"template":"","format":"standard","meta":{"footnotes":""},"categories":[1],"tags":[],"class_list":["post-3557","post","type-post","status-publish","format-standard","has-post-thumbnail","hentry","category-noticias"],"_links":{"self":[{"href":"http:\/\/www.santaana.gob.ar\/home\/wp-json\/wp\/v2\/posts\/3557","targetHints":{"allow":["GET"]}}],"collection":[{"href":"http:\/\/www.santaana.gob.ar\/home\/wp-json\/wp\/v2\/posts"}],"about":[{"href":"http:\/\/www.santaana.gob.ar\/home\/wp-json\/wp\/v2\/types\/post"}],"author":[{"embeddable":true,"href":"http:\/\/www.santaana.gob.ar\/home\/wp-json\/wp\/v2\/users\/1"}],"replies":[{"embeddable":true,"href":"http:\/\/www.santaana.gob.ar\/home\/wp-json\/wp\/v2\/comments?post=3557"}],"version-history":[{"count":1,"href":"http:\/\/www.santaana.gob.ar\/home\/wp-json\/wp\/v2\/posts\/3557\/revisions"}],"predecessor-version":[{"id":3559,"href":"http:\/\/www.santaana.gob.ar\/home\/wp-json\/wp\/v2\/posts\/3557\/revisions\/3559"}],"wp:featuredmedia":[{"embeddable":true,"href":"http:\/\/www.santaana.gob.ar\/home\/wp-json\/wp\/v2\/media\/3558"}],"wp:attachment":[{"href":"http:\/\/www.santaana.gob.ar\/home\/wp-json\/wp\/v2\/media?parent=3557"}],"wp:term":[{"taxonomy":"category","embeddable":true,"href":"http:\/\/www.santaana.gob.ar\/home\/wp-json\/wp\/v2\/categories?post=3557"},{"taxonomy":"post_tag","embeddable":true,"href":"http:\/\/www.santaana.gob.ar\/home\/wp-json\/wp\/v2\/tags?post=3557"}],"curies":[{"name":"wp","href":"https:\/\/api.w.org\/{rel}","templated":true}]}}