{"id":3544,"date":"2023-09-25T13:33:17","date_gmt":"2023-09-25T13:33:17","guid":{"rendered":"http:\/\/www.santaana.gob.ar\/home\/?p=3544"},"modified":"2023-09-25T13:33:17","modified_gmt":"2023-09-25T13:33:17","slug":"obras-de-recuperacion-y-proteccion-de-costas","status":"publish","type":"post","link":"http:\/\/www.santaana.gob.ar\/home\/2023\/09\/25\/obras-de-recuperacion-y-proteccion-de-costas\/","title":{"rendered":"OBRAS DE RECUPERACI\u00d3N Y PROTECCI\u00d3N DE COSTAS"},"content":{"rendered":"<p>ETAPA FINAL DE LAS OBRAS DE RECUPERACI\u00d3N Y PROTECCI\u00d3N DE COSTAS<br \/>\n\u25aa\ufe0f Personal de la Municipalidad se encuentra trabajando en la construcci\u00f3n de veredas,  bancos, iluminaci\u00f3n y obras anexas del espig\u00f3n y defensas en el camping municipal y Destacamento Mandisov\u00ed de Prefectura Naval Argentina.<br \/>\n\u25aa\ufe0f Esta obra es financiada por la Comisi\u00f3n T\u00e9cnica Mixta de Salto Grande y ejecutada por la empresa Jos\u00e9 Pit\u00f3n S.A.<br \/>\n\ud83d\udcaa En la pr\u00f3xima temporada de verano vas a encontrar m\u00e1s obras y m\u00e1s servicios para que disfrutes en nuestras playas.<\/p>\n","protected":false},"excerpt":{"rendered":"<p>ETAPA FINAL DE LAS OBRAS DE RECUPERACI\u00d3N Y PROTECCI\u00d3N DE COSTAS \u25aa\ufe0f Personal de la Municipalidad se encuentra trabajando en la construcci\u00f3n de veredas, bancos, iluminaci\u00f3n y obras anexas del espig\u00f3n y defensas en el camping municipal y Destacamento Mandisov\u00ed de Prefectura Naval Argentina. \u25aa\ufe0f Esta obra es financiada por la Comisi\u00f3n T\u00e9cnica Mixta de<a class=\"moretag\" href=\"http:\/\/www.santaana.gob.ar\/home\/2023\/09\/25\/obras-de-recuperacion-y-proteccion-de-costas\/\"><span class=\"screen-reader-text\">Leer m\u00e1s sobre OBRAS DE RECUPERACI\u00d3N Y PROTECCI\u00d3N DE COSTAS<\/span>[&#8230;]<\/a><\/p>\n","protected":false},"author":1,"featured_media":3545,"comment_status":"open","ping_status":"open","sticky":false,"template":"","format":"standard","meta":{"footnotes":""},"categories":[1],"tags":[],"class_list":["post-3544","post","type-post","status-publish","format-standard","has-post-thumbnail","hentry","category-noticias"],"_links":{"self":[{"href":"http:\/\/www.santaana.gob.ar\/home\/wp-json\/wp\/v2\/posts\/3544","targetHints":{"allow":["GET"]}}],"collection":[{"href":"http:\/\/www.santaana.gob.ar\/home\/wp-json\/wp\/v2\/posts"}],"about":[{"href":"http:\/\/www.santaana.gob.ar\/home\/wp-json\/wp\/v2\/types\/post"}],"author":[{"embeddable":true,"href":"http:\/\/www.santaana.gob.ar\/home\/wp-json\/wp\/v2\/users\/1"}],"replies":[{"embeddable":true,"href":"http:\/\/www.santaana.gob.ar\/home\/wp-json\/wp\/v2\/comments?post=3544"}],"version-history":[{"count":1,"href":"http:\/\/www.santaana.gob.ar\/home\/wp-json\/wp\/v2\/posts\/3544\/revisions"}],"predecessor-version":[{"id":3546,"href":"http:\/\/www.santaana.gob.ar\/home\/wp-json\/wp\/v2\/posts\/3544\/revisions\/3546"}],"wp:featuredmedia":[{"embeddable":true,"href":"http:\/\/www.santaana.gob.ar\/home\/wp-json\/wp\/v2\/media\/3545"}],"wp:attachment":[{"href":"http:\/\/www.santaana.gob.ar\/home\/wp-json\/wp\/v2\/media?parent=3544"}],"wp:term":[{"taxonomy":"category","embeddable":true,"href":"http:\/\/www.santaana.gob.ar\/home\/wp-json\/wp\/v2\/categories?post=3544"},{"taxonomy":"post_tag","embeddable":true,"href":"http:\/\/www.santaana.gob.ar\/home\/wp-json\/wp\/v2\/tags?post=3544"}],"curies":[{"name":"wp","href":"https:\/\/api.w.org\/{rel}","templated":true}]}}