{"id":3541,"date":"2023-09-22T11:42:19","date_gmt":"2023-09-22T11:42:19","guid":{"rendered":"http:\/\/www.santaana.gob.ar\/home\/?p=3541"},"modified":"2023-09-22T11:42:19","modified_gmt":"2023-09-22T11:42:19","slug":"ecocanje-de-semilla","status":"publish","type":"post","link":"http:\/\/www.santaana.gob.ar\/home\/2023\/09\/22\/ecocanje-de-semilla\/","title":{"rendered":"ECOCANJE DE SEMILLA"},"content":{"rendered":"<p>A partir del lunes 25 de septiembre te podes acercar a las instalaciones del NIDO para retirar tu kit de semillas de la Campa\u00f1a Primavera Verano del Pro Huerta.<br \/>\n\ud83d\udcaa \u00a1S\u00f3lo ten\u00e9s que traer 5 cartones y te llev\u00e1s el kit! Hac\u00e9 el #ecocanje de lunes a viernes de 8 a 12 horas y empez\u00e1 a cultivar tu huerta.<\/p>\n","protected":false},"excerpt":{"rendered":"<p>A partir del lunes 25 de septiembre te podes acercar a las instalaciones del NIDO para retirar tu kit de semillas de la Campa\u00f1a Primavera Verano del Pro Huerta. \ud83d\udcaa \u00a1S\u00f3lo ten\u00e9s que traer 5 cartones y te llev\u00e1s el kit! Hac\u00e9 el #ecocanje de lunes a viernes de 8 a 12 horas y empez\u00e1<a class=\"moretag\" href=\"http:\/\/www.santaana.gob.ar\/home\/2023\/09\/22\/ecocanje-de-semilla\/\"><span class=\"screen-reader-text\">Leer m\u00e1s sobre ECOCANJE DE SEMILLA<\/span>[&#8230;]<\/a><\/p>\n","protected":false},"author":1,"featured_media":3542,"comment_status":"open","ping_status":"open","sticky":false,"template":"","format":"standard","meta":{"footnotes":""},"categories":[1],"tags":[],"class_list":["post-3541","post","type-post","status-publish","format-standard","has-post-thumbnail","hentry","category-noticias"],"_links":{"self":[{"href":"http:\/\/www.santaana.gob.ar\/home\/wp-json\/wp\/v2\/posts\/3541","targetHints":{"allow":["GET"]}}],"collection":[{"href":"http:\/\/www.santaana.gob.ar\/home\/wp-json\/wp\/v2\/posts"}],"about":[{"href":"http:\/\/www.santaana.gob.ar\/home\/wp-json\/wp\/v2\/types\/post"}],"author":[{"embeddable":true,"href":"http:\/\/www.santaana.gob.ar\/home\/wp-json\/wp\/v2\/users\/1"}],"replies":[{"embeddable":true,"href":"http:\/\/www.santaana.gob.ar\/home\/wp-json\/wp\/v2\/comments?post=3541"}],"version-history":[{"count":1,"href":"http:\/\/www.santaana.gob.ar\/home\/wp-json\/wp\/v2\/posts\/3541\/revisions"}],"predecessor-version":[{"id":3543,"href":"http:\/\/www.santaana.gob.ar\/home\/wp-json\/wp\/v2\/posts\/3541\/revisions\/3543"}],"wp:featuredmedia":[{"embeddable":true,"href":"http:\/\/www.santaana.gob.ar\/home\/wp-json\/wp\/v2\/media\/3542"}],"wp:attachment":[{"href":"http:\/\/www.santaana.gob.ar\/home\/wp-json\/wp\/v2\/media?parent=3541"}],"wp:term":[{"taxonomy":"category","embeddable":true,"href":"http:\/\/www.santaana.gob.ar\/home\/wp-json\/wp\/v2\/categories?post=3541"},{"taxonomy":"post_tag","embeddable":true,"href":"http:\/\/www.santaana.gob.ar\/home\/wp-json\/wp\/v2\/tags?post=3541"}],"curies":[{"name":"wp","href":"https:\/\/api.w.org\/{rel}","templated":true}]}}