{"id":354,"date":"2017-12-06T17:10:17","date_gmt":"2017-12-06T17:10:17","guid":{"rendered":"http:\/\/www.santaana.gob.ar\/home\/?p=354"},"modified":"2017-12-06T17:10:17","modified_gmt":"2017-12-06T17:10:17","slug":"instalacion-bombas-de-agua-a-familias-rurales","status":"publish","type":"post","link":"http:\/\/www.santaana.gob.ar\/home\/2017\/12\/06\/instalacion-bombas-de-agua-a-familias-rurales\/","title":{"rendered":"Instalaci\u00f3n bombas de agua a familias rurales"},"content":{"rendered":"<p>Este martes 05 de diciembre de 2017, el intendente de la localidad de Santa Ana, Mario Toler junto con el Director de Acci\u00f3n Social Horacio Moreira y de Obras P\u00fablicas, Scatularo Cristian, estuvieron presentes en la instalaci\u00f3n de bombas sumergibles para la extracci\u00f3n de agua potable, en familias rurales del Ejido de Santa Ana. Cabe mencionar que los beneficiarios contaron con la perforaci\u00f3n e instalaci\u00f3n de pozos de agua potable.<\/p>\n<p><img loading=\"lazy\" decoding=\"async\" class=\"wp-image-356 alignleft\" src=\"http:\/\/www.santaana.gob.ar\/home\/wp-content\/uploads\/2017\/12\/2.jpg\" alt=\"\" width=\"305\" height=\"229\" srcset=\"http:\/\/www.santaana.gob.ar\/home\/wp-content\/uploads\/2017\/12\/2.jpg 1280w, http:\/\/www.santaana.gob.ar\/home\/wp-content\/uploads\/2017\/12\/2-300x225.jpg 300w, http:\/\/www.santaana.gob.ar\/home\/wp-content\/uploads\/2017\/12\/2-768x576.jpg 768w, http:\/\/www.santaana.gob.ar\/home\/wp-content\/uploads\/2017\/12\/2-1024x768.jpg 1024w\" sizes=\"auto, (max-width: 305px) 100vw, 305px\" \/><\/p>\n<p>Esta obra se realiz\u00f3 satisfactoriamente, gracias al aporte realizado por los beneficiarios, Ministerio de Desarrollo Social de Provincia de Entre R\u00edos, PAMI y Municipalidad de Santa Ana.<\/p>\n<p>Con esta obra estamos dando respuesta a una necesidad elemental para mejorar la calidad de vida de nuestros vecinos, realizando permanente acompa\u00f1amiento desde el municipio local.<\/p>\n","protected":false},"excerpt":{"rendered":"<p>Este martes 05 de diciembre de 2017, el intendente de la localidad de Santa Ana, Mario Toler junto con el Director de Acci\u00f3n Social Horacio Moreira y de Obras P\u00fablicas, Scatularo Cristian, estuvieron presentes en la instalaci\u00f3n de bombas sumergibles para la extracci\u00f3n de agua potable, en familias rurales del Ejido de Santa Ana. Cabe<a class=\"moretag\" href=\"http:\/\/www.santaana.gob.ar\/home\/2017\/12\/06\/instalacion-bombas-de-agua-a-familias-rurales\/\"><span class=\"screen-reader-text\">Leer m\u00e1s sobre Instalaci\u00f3n bombas de agua a familias rurales<\/span>[&#8230;]<\/a><\/p>\n","protected":false},"author":1,"featured_media":355,"comment_status":"open","ping_status":"open","sticky":false,"template":"","format":"standard","meta":{"footnotes":""},"categories":[1],"tags":[],"class_list":["post-354","post","type-post","status-publish","format-standard","has-post-thumbnail","hentry","category-noticias"],"_links":{"self":[{"href":"http:\/\/www.santaana.gob.ar\/home\/wp-json\/wp\/v2\/posts\/354","targetHints":{"allow":["GET"]}}],"collection":[{"href":"http:\/\/www.santaana.gob.ar\/home\/wp-json\/wp\/v2\/posts"}],"about":[{"href":"http:\/\/www.santaana.gob.ar\/home\/wp-json\/wp\/v2\/types\/post"}],"author":[{"embeddable":true,"href":"http:\/\/www.santaana.gob.ar\/home\/wp-json\/wp\/v2\/users\/1"}],"replies":[{"embeddable":true,"href":"http:\/\/www.santaana.gob.ar\/home\/wp-json\/wp\/v2\/comments?post=354"}],"version-history":[{"count":1,"href":"http:\/\/www.santaana.gob.ar\/home\/wp-json\/wp\/v2\/posts\/354\/revisions"}],"predecessor-version":[{"id":357,"href":"http:\/\/www.santaana.gob.ar\/home\/wp-json\/wp\/v2\/posts\/354\/revisions\/357"}],"wp:featuredmedia":[{"embeddable":true,"href":"http:\/\/www.santaana.gob.ar\/home\/wp-json\/wp\/v2\/media\/355"}],"wp:attachment":[{"href":"http:\/\/www.santaana.gob.ar\/home\/wp-json\/wp\/v2\/media?parent=354"}],"wp:term":[{"taxonomy":"category","embeddable":true,"href":"http:\/\/www.santaana.gob.ar\/home\/wp-json\/wp\/v2\/categories?post=354"},{"taxonomy":"post_tag","embeddable":true,"href":"http:\/\/www.santaana.gob.ar\/home\/wp-json\/wp\/v2\/tags?post=354"}],"curies":[{"name":"wp","href":"https:\/\/api.w.org\/{rel}","templated":true}]}}