{"id":3539,"date":"2023-09-20T11:27:21","date_gmt":"2023-09-20T11:27:21","guid":{"rendered":"http:\/\/www.santaana.gob.ar\/home\/?p=3539"},"modified":"2023-09-20T11:27:21","modified_gmt":"2023-09-20T11:27:21","slug":"recoleccion-de-residuos-y-ramas","status":"publish","type":"post","link":"http:\/\/www.santaana.gob.ar\/home\/2023\/09\/20\/recoleccion-de-residuos-y-ramas\/","title":{"rendered":"RECOLECCI\u00d3N DE RESIDUOS Y RAMAS"},"content":{"rendered":"<p>La Direcci\u00f3n de Obras y Servicios P\u00fablicos de la Municipalidad de Santa Ana informa el cronograma de recolecci\u00f3n, agend\u00e1 \ud83d\udc47<br \/>\n\ud83d\udcc5 Lunes, mi\u00e9rcoles y viernes, de 7 a 9 horas, se lleva a cabo la recolecci\u00f3n de residuos domiciliarios. Record\u00e1 separar los residuos en org\u00e1nicos, inorg\u00e1nicos y sanitarios.<br \/>\n\ud83d\udcc5 De lunes a viernes por la tarde se realiza la recolecci\u00f3n de ramas y hojas.<br \/>\n\ud83d\ude4c Entre todos podemos organizarnos y as\u00ed mantener nuestra ciudad ordenada.<\/p>\n","protected":false},"excerpt":{"rendered":"<p>La Direcci\u00f3n de Obras y Servicios P\u00fablicos de la Municipalidad de Santa Ana informa el cronograma de recolecci\u00f3n, agend\u00e1 \ud83d\udc47 \ud83d\udcc5 Lunes, mi\u00e9rcoles y viernes, de 7 a 9 horas, se lleva a cabo la recolecci\u00f3n de residuos domiciliarios. Record\u00e1 separar los residuos en org\u00e1nicos, inorg\u00e1nicos y sanitarios. \ud83d\udcc5 De lunes a viernes por la<a class=\"moretag\" href=\"http:\/\/www.santaana.gob.ar\/home\/2023\/09\/20\/recoleccion-de-residuos-y-ramas\/\"><span class=\"screen-reader-text\">Leer m\u00e1s sobre RECOLECCI\u00d3N DE RESIDUOS Y RAMAS<\/span>[&#8230;]<\/a><\/p>\n","protected":false},"author":1,"featured_media":3473,"comment_status":"open","ping_status":"open","sticky":false,"template":"","format":"standard","meta":{"footnotes":""},"categories":[1],"tags":[],"class_list":["post-3539","post","type-post","status-publish","format-standard","has-post-thumbnail","hentry","category-noticias"],"_links":{"self":[{"href":"http:\/\/www.santaana.gob.ar\/home\/wp-json\/wp\/v2\/posts\/3539","targetHints":{"allow":["GET"]}}],"collection":[{"href":"http:\/\/www.santaana.gob.ar\/home\/wp-json\/wp\/v2\/posts"}],"about":[{"href":"http:\/\/www.santaana.gob.ar\/home\/wp-json\/wp\/v2\/types\/post"}],"author":[{"embeddable":true,"href":"http:\/\/www.santaana.gob.ar\/home\/wp-json\/wp\/v2\/users\/1"}],"replies":[{"embeddable":true,"href":"http:\/\/www.santaana.gob.ar\/home\/wp-json\/wp\/v2\/comments?post=3539"}],"version-history":[{"count":1,"href":"http:\/\/www.santaana.gob.ar\/home\/wp-json\/wp\/v2\/posts\/3539\/revisions"}],"predecessor-version":[{"id":3540,"href":"http:\/\/www.santaana.gob.ar\/home\/wp-json\/wp\/v2\/posts\/3539\/revisions\/3540"}],"wp:featuredmedia":[{"embeddable":true,"href":"http:\/\/www.santaana.gob.ar\/home\/wp-json\/wp\/v2\/media\/3473"}],"wp:attachment":[{"href":"http:\/\/www.santaana.gob.ar\/home\/wp-json\/wp\/v2\/media?parent=3539"}],"wp:term":[{"taxonomy":"category","embeddable":true,"href":"http:\/\/www.santaana.gob.ar\/home\/wp-json\/wp\/v2\/categories?post=3539"},{"taxonomy":"post_tag","embeddable":true,"href":"http:\/\/www.santaana.gob.ar\/home\/wp-json\/wp\/v2\/tags?post=3539"}],"curies":[{"name":"wp","href":"https:\/\/api.w.org\/{rel}","templated":true}]}}